{"id":2284,"date":"2024-03-22T18:19:15","date_gmt":"2024-03-22T21:19:15","guid":{"rendered":"https:\/\/lpfparana.com.ar\/inicio\/?p=2284"},"modified":"2024-03-22T19:00:04","modified_gmt":"2024-03-22T22:00:04","slug":"amnistia-en-el-comienzo-de-la-temporada","status":"publish","type":"post","link":"https:\/\/lpfparana.com.ar\/inicio\/amnistia-en-el-comienzo-de-la-temporada\/","title":{"rendered":"Amnist\u00eda en el comienzo de la temporada"},"content":{"rendered":"\n<h3 class=\"wp-block-heading\">La Liga Paranaense de F\u00fatbol, en el primer bolet\u00edn del Tribunal de Penas en este 2024, destaca que luego del pedido del presidente de la Liga Paranaense de F\u00fatbol, Alejandro Schneider, para que se evalu\u00e9 la posibilidad de otorgar \u201camnist\u00edas\u201d a los jugadores e integrantes de cuerpos t\u00e9cnicos sancionados, este fue considerado.<\/h3>\n\n\n\n<p>El presidente de TP, el doctor Diego Cerrudo y los dem\u00e1s integrantes que componen el mismo decidieron dar por cumplidas las sanciones de hasta tres partidos de suspensi\u00f3n. A su vez las sanciones cuyo total exceda de cuatro partidos, no se encuentran alcanzadas, ni reducidas y deber\u00e1n cumplirse en su totalidad. Tampoco se incluyen las sanciones aplicadas por un periodo de tiempo determinado, como as\u00ed las impuestas por agresi\u00f3n a \u00e1rbitros. Estas \u00faltimas deber\u00e1n cumplirse en su totalidad.<\/p>\n\n\n\n<h3 class=\"wp-block-heading\">El documento liguista, destaca:<\/h3>\n\n\n\n<p>\u201cEn la ciudad de Paran\u00e1, a los 22 d\u00edas del mes de Marzo del a\u00f1o 2024, el Tribunal de Penas de la Liga Paranaense de F\u00fatbol en ejercicios de sus funciones y en aplicaci\u00f3n del Reglamento de Transgresiones y Penas del Consejo Federal de la Asociaci\u00f3n de F\u00fatbol Argentino sanciona:<\/p>\n\n\n\n<p>Vista la nota cursada por el Sr. Presidente de la Liga Paranaense de F\u00fatbol, mediante la cual solicita a este Tribunal se eval\u00fae la posibilidad de otorgar AMNIST\u00cdA con los alcances que este Tribunal estime conducentes.<\/p>\n\n\n\n<p>Por ello este Tribunal resuelve aprobar una AMNIST\u00cdA GENERAL para todas las disciplinas en todas sus &nbsp;Categor\u00edas y Divisiones, con los siguientes alcances:<\/p>\n\n\n\n<ul class=\"wp-block-list\">\n<li>1. Se dar\u00e1n por cumplidas todas las sanciones de hasta TRES (3) partidos de suspensi\u00f3n.<\/li>\n\n\n\n<li>2. Las sanciones cuyo total exceda los CUATRO (4) partidos de suspensi\u00f3n no se encuentran alcanzadas ni reducidas por la presente y deber\u00e1n ser cumplidas en su totalidad.<\/li>\n\n\n\n<li>3. No se incluyen en la presente Amnist\u00eda General aquellas sanciones aplicadas por un periodo de tiempo determinado como as\u00ed tambi\u00e9n las impuestas por agresi\u00f3n a \u00e1rbitros, las que deber\u00e1n cumplirse en su totalidad.<\/li>\n<\/ul>\n\n\n\n<p><strong>MIEMBROS:<\/strong> Dr. Diego Cerrudo, Dr. Guillermo Casanova y Dr. Francisco Ram\u00edrez\u201d.<\/p>\n\n\n\n<p><a href=\"https:\/\/lpfparana.com.ar\/inicio\/wp-content\/uploads\/2024\/03\/Tribunal-de-Penas-Boletin-01-2024.pdf\">https:\/\/lpfparana.com.ar\/inicio\/wp-content\/uploads\/2024\/03\/Tribunal-de-Penas-Boletin-01-2024.pdf<\/a><\/p>\n","protected":false},"excerpt":{"rendered":"<p>La Liga Paranaense de F\u00fatbol, en el primer bolet\u00edn del Tribunal de Penas en este 2024, destaca que luego del pedido del presidente de la Liga Paranaense de F\u00fatbol, Alejandro Schneider, para que se evalu\u00e9 la posibilidad de otorgar \u201camnist\u00edas\u201d a los jugadores e integrantes de cuerpos t\u00e9cnicos sancionados, este fue considerado. El presidente de&#8230;<\/p>\n","protected":false},"author":4,"featured_media":2231,"comment_status":"open","ping_status":"open","sticky":false,"template":"","format":"standard","meta":{"footnotes":""},"categories":[7,2],"tags":[],"class_list":["post-2284","post","type-post","status-publish","format-standard","has-post-thumbnail","hentry","category-institucional","category-noticias"],"featured_image_src":"https:\/\/lpfparana.com.ar\/inicio\/wp-content\/uploads\/2024\/03\/WhatsApp-Image-2024-03-19-at-10.07.47.jpeg","author_info":{"display_name":"Juan Manuel L\u00f3pez","author_link":"https:\/\/lpfparana.com.ar\/inicio\/author\/juanito\/"},"yoast_head":"<!-- This site is optimized with the Yoast SEO Premium plugin v23.3 (Yoast SEO v27.2) - https:\/\/yoast.com\/product\/yoast-seo-premium-wordpress\/ -->\n<title>Amnist\u00eda en el comienzo de la temporada -<\/title>\n<meta name=\"description\" content=\"La Liga Paranaense de F\u00fatbol, en el primer bolet\u00edn del Tribunal de Penas en este 2024, destaca que luego del pedido del presidente de la LPF.\" \/>\n<meta name=\"robots\" content=\"index, follow, max-snippet:-1, max-image-preview:large, max-video-preview:-1\" \/>\n<link rel=\"canonical\" href=\"https:\/\/lpfparana.com.ar\/inicio\/amnistia-en-el-comienzo-de-la-temporada\/\" \/>\n<meta property=\"og:locale\" content=\"es_ES\" \/>\n<meta property=\"og:type\" content=\"article\" \/>\n<meta property=\"og:title\" content=\"Amnist\u00eda en el comienzo de la temporada\" \/>\n<meta property=\"og:description\" content=\"La Liga Paranaense de F\u00fatbol, en el primer bolet\u00edn del Tribunal de Penas en este 2024, destaca que luego del pedido del presidente de la LPF.\" \/>\n<meta property=\"og:url\" content=\"https:\/\/lpfparana.com.ar\/inicio\/amnistia-en-el-comienzo-de-la-temporada\/\" \/>\n<meta property=\"article:published_time\" content=\"2024-03-22T21:19:15+00:00\" \/>\n<meta property=\"article:modified_time\" content=\"2024-03-22T22:00:04+00:00\" \/>\n<meta property=\"og:image\" content=\"https:\/\/lpfparana.com.ar\/inicio\/wp-content\/uploads\/2024\/03\/WhatsApp-Image-2024-03-19-at-10.07.47.jpeg\" \/>\n\t<meta property=\"og:image:width\" content=\"1057\" \/>\n\t<meta property=\"og:image:height\" content=\"705\" \/>\n\t<meta property=\"og:image:type\" content=\"image\/jpeg\" \/>\n<meta name=\"author\" content=\"Juan Manuel L\u00f3pez\" \/>\n<meta name=\"twitter:card\" content=\"summary_large_image\" \/>\n<meta name=\"twitter:label1\" content=\"Escrito por\" \/>\n\t<meta name=\"twitter:data1\" content=\"Juan Manuel L\u00f3pez\" \/>\n\t<meta name=\"twitter:label2\" content=\"Tiempo de lectura\" \/>\n\t<meta name=\"twitter:data2\" content=\"2 minutos\" \/>\n<script type=\"application\/ld+json\" class=\"yoast-schema-graph\">{\"@context\":\"https:\/\/schema.org\",\"@graph\":[{\"@type\":\"Article\",\"@id\":\"https:\/\/lpfparana.com.ar\/inicio\/amnistia-en-el-comienzo-de-la-temporada\/#article\",\"isPartOf\":{\"@id\":\"https:\/\/lpfparana.com.ar\/inicio\/amnistia-en-el-comienzo-de-la-temporada\/\"},\"author\":{\"name\":\"Juan Manuel L\u00f3pez\",\"@id\":\"https:\/\/lpfparana.com.ar\/inicio\/#\/schema\/person\/e4a909baf07553d45f0fb7b76f656d76\"},\"headline\":\"Amnist\u00eda en el comienzo de la temporada\",\"datePublished\":\"2024-03-22T21:19:15+00:00\",\"dateModified\":\"2024-03-22T22:00:04+00:00\",\"mainEntityOfPage\":{\"@id\":\"https:\/\/lpfparana.com.ar\/inicio\/amnistia-en-el-comienzo-de-la-temporada\/\"},\"wordCount\":372,\"commentCount\":0,\"image\":{\"@id\":\"https:\/\/lpfparana.com.ar\/inicio\/amnistia-en-el-comienzo-de-la-temporada\/#primaryimage\"},\"thumbnailUrl\":\"https:\/\/lpfparana.com.ar\/inicio\/wp-content\/uploads\/2024\/03\/WhatsApp-Image-2024-03-19-at-10.07.47.jpeg\",\"articleSection\":[\"Institucional\",\"Noticias\"],\"inLanguage\":\"es\",\"potentialAction\":[{\"@type\":\"CommentAction\",\"name\":\"Comment\",\"target\":[\"https:\/\/lpfparana.com.ar\/inicio\/amnistia-en-el-comienzo-de-la-temporada\/#respond\"]}]},{\"@type\":\"WebPage\",\"@id\":\"https:\/\/lpfparana.com.ar\/inicio\/amnistia-en-el-comienzo-de-la-temporada\/\",\"url\":\"https:\/\/lpfparana.com.ar\/inicio\/amnistia-en-el-comienzo-de-la-temporada\/\",\"name\":\"Amnist\u00eda en el comienzo de la temporada -\",\"isPartOf\":{\"@id\":\"https:\/\/lpfparana.com.ar\/inicio\/#website\"},\"primaryImageOfPage\":{\"@id\":\"https:\/\/lpfparana.com.ar\/inicio\/amnistia-en-el-comienzo-de-la-temporada\/#primaryimage\"},\"image\":{\"@id\":\"https:\/\/lpfparana.com.ar\/inicio\/amnistia-en-el-comienzo-de-la-temporada\/#primaryimage\"},\"thumbnailUrl\":\"https:\/\/lpfparana.com.ar\/inicio\/wp-content\/uploads\/2024\/03\/WhatsApp-Image-2024-03-19-at-10.07.47.jpeg\",\"datePublished\":\"2024-03-22T21:19:15+00:00\",\"dateModified\":\"2024-03-22T22:00:04+00:00\",\"author\":{\"@id\":\"https:\/\/lpfparana.com.ar\/inicio\/#\/schema\/person\/e4a909baf07553d45f0fb7b76f656d76\"},\"description\":\"La Liga Paranaense de F\u00fatbol, en el primer bolet\u00edn del Tribunal de Penas en este 2024, destaca que luego del pedido del presidente de la LPF.\",\"breadcrumb\":{\"@id\":\"https:\/\/lpfparana.com.ar\/inicio\/amnistia-en-el-comienzo-de-la-temporada\/#breadcrumb\"},\"inLanguage\":\"es\",\"potentialAction\":[{\"@type\":\"ReadAction\",\"target\":[\"https:\/\/lpfparana.com.ar\/inicio\/amnistia-en-el-comienzo-de-la-temporada\/\"]}]},{\"@type\":\"ImageObject\",\"inLanguage\":\"es\",\"@id\":\"https:\/\/lpfparana.com.ar\/inicio\/amnistia-en-el-comienzo-de-la-temporada\/#primaryimage\",\"url\":\"https:\/\/lpfparana.com.ar\/inicio\/wp-content\/uploads\/2024\/03\/WhatsApp-Image-2024-03-19-at-10.07.47.jpeg\",\"contentUrl\":\"https:\/\/lpfparana.com.ar\/inicio\/wp-content\/uploads\/2024\/03\/WhatsApp-Image-2024-03-19-at-10.07.47.jpeg\",\"width\":1057,\"height\":705},{\"@type\":\"BreadcrumbList\",\"@id\":\"https:\/\/lpfparana.com.ar\/inicio\/amnistia-en-el-comienzo-de-la-temporada\/#breadcrumb\",\"itemListElement\":[{\"@type\":\"ListItem\",\"position\":1,\"name\":\"Portada\",\"item\":\"https:\/\/lpfparana.com.ar\/inicio\/\"},{\"@type\":\"ListItem\",\"position\":2,\"name\":\"Amnist\u00eda en el comienzo de la temporada\"}]},{\"@type\":\"WebSite\",\"@id\":\"https:\/\/lpfparana.com.ar\/inicio\/#website\",\"url\":\"https:\/\/lpfparana.com.ar\/inicio\/\",\"name\":\"\",\"description\":\"LPF Paran\u00e1\",\"potentialAction\":[{\"@type\":\"SearchAction\",\"target\":{\"@type\":\"EntryPoint\",\"urlTemplate\":\"https:\/\/lpfparana.com.ar\/inicio\/?s={search_term_string}\"},\"query-input\":{\"@type\":\"PropertyValueSpecification\",\"valueRequired\":true,\"valueName\":\"search_term_string\"}}],\"inLanguage\":\"es\"},{\"@type\":\"Person\",\"@id\":\"https:\/\/lpfparana.com.ar\/inicio\/#\/schema\/person\/e4a909baf07553d45f0fb7b76f656d76\",\"name\":\"Juan Manuel L\u00f3pez\",\"image\":{\"@type\":\"ImageObject\",\"inLanguage\":\"es\",\"@id\":\"https:\/\/secure.gravatar.com\/avatar\/6fd4b36dc88658b1a9f8103e109f47885fcd020443829a5d936ca18f07c3d96c?s=96&d=mm&r=g\",\"url\":\"https:\/\/secure.gravatar.com\/avatar\/6fd4b36dc88658b1a9f8103e109f47885fcd020443829a5d936ca18f07c3d96c?s=96&d=mm&r=g\",\"contentUrl\":\"https:\/\/secure.gravatar.com\/avatar\/6fd4b36dc88658b1a9f8103e109f47885fcd020443829a5d936ca18f07c3d96c?s=96&d=mm&r=g\",\"caption\":\"Juan Manuel L\u00f3pez\"},\"url\":\"https:\/\/lpfparana.com.ar\/inicio\/author\/juanito\/\"}]}<\/script>\n<!-- \/ Yoast SEO Premium plugin. -->","yoast_head_json":{"title":"Amnist\u00eda en el comienzo de la temporada -","description":"La Liga Paranaense de F\u00fatbol, en el primer bolet\u00edn del Tribunal de Penas en este 2024, destaca que luego del pedido del presidente de la LPF.","robots":{"index":"index","follow":"follow","max-snippet":"max-snippet:-1","max-image-preview":"max-image-preview:large","max-video-preview":"max-video-preview:-1"},"canonical":"https:\/\/lpfparana.com.ar\/inicio\/amnistia-en-el-comienzo-de-la-temporada\/","og_locale":"es_ES","og_type":"article","og_title":"Amnist\u00eda en el comienzo de la temporada","og_description":"La Liga Paranaense de F\u00fatbol, en el primer bolet\u00edn del Tribunal de Penas en este 2024, destaca que luego del pedido del presidente de la LPF.","og_url":"https:\/\/lpfparana.com.ar\/inicio\/amnistia-en-el-comienzo-de-la-temporada\/","article_published_time":"2024-03-22T21:19:15+00:00","article_modified_time":"2024-03-22T22:00:04+00:00","og_image":[{"width":1057,"height":705,"url":"https:\/\/lpfparana.com.ar\/inicio\/wp-content\/uploads\/2024\/03\/WhatsApp-Image-2024-03-19-at-10.07.47.jpeg","type":"image\/jpeg"}],"author":"Juan Manuel L\u00f3pez","twitter_card":"summary_large_image","twitter_misc":{"Escrito por":"Juan Manuel L\u00f3pez","Tiempo de lectura":"2 minutos"},"schema":{"@context":"https:\/\/schema.org","@graph":[{"@type":"Article","@id":"https:\/\/lpfparana.com.ar\/inicio\/amnistia-en-el-comienzo-de-la-temporada\/#article","isPartOf":{"@id":"https:\/\/lpfparana.com.ar\/inicio\/amnistia-en-el-comienzo-de-la-temporada\/"},"author":{"name":"Juan Manuel L\u00f3pez","@id":"https:\/\/lpfparana.com.ar\/inicio\/#\/schema\/person\/e4a909baf07553d45f0fb7b76f656d76"},"headline":"Amnist\u00eda en el comienzo de la temporada","datePublished":"2024-03-22T21:19:15+00:00","dateModified":"2024-03-22T22:00:04+00:00","mainEntityOfPage":{"@id":"https:\/\/lpfparana.com.ar\/inicio\/amnistia-en-el-comienzo-de-la-temporada\/"},"wordCount":372,"commentCount":0,"image":{"@id":"https:\/\/lpfparana.com.ar\/inicio\/amnistia-en-el-comienzo-de-la-temporada\/#primaryimage"},"thumbnailUrl":"https:\/\/lpfparana.com.ar\/inicio\/wp-content\/uploads\/2024\/03\/WhatsApp-Image-2024-03-19-at-10.07.47.jpeg","articleSection":["Institucional","Noticias"],"inLanguage":"es","potentialAction":[{"@type":"CommentAction","name":"Comment","target":["https:\/\/lpfparana.com.ar\/inicio\/amnistia-en-el-comienzo-de-la-temporada\/#respond"]}]},{"@type":"WebPage","@id":"https:\/\/lpfparana.com.ar\/inicio\/amnistia-en-el-comienzo-de-la-temporada\/","url":"https:\/\/lpfparana.com.ar\/inicio\/amnistia-en-el-comienzo-de-la-temporada\/","name":"Amnist\u00eda en el comienzo de la temporada -","isPartOf":{"@id":"https:\/\/lpfparana.com.ar\/inicio\/#website"},"primaryImageOfPage":{"@id":"https:\/\/lpfparana.com.ar\/inicio\/amnistia-en-el-comienzo-de-la-temporada\/#primaryimage"},"image":{"@id":"https:\/\/lpfparana.com.ar\/inicio\/amnistia-en-el-comienzo-de-la-temporada\/#primaryimage"},"thumbnailUrl":"https:\/\/lpfparana.com.ar\/inicio\/wp-content\/uploads\/2024\/03\/WhatsApp-Image-2024-03-19-at-10.07.47.jpeg","datePublished":"2024-03-22T21:19:15+00:00","dateModified":"2024-03-22T22:00:04+00:00","author":{"@id":"https:\/\/lpfparana.com.ar\/inicio\/#\/schema\/person\/e4a909baf07553d45f0fb7b76f656d76"},"description":"La Liga Paranaense de F\u00fatbol, en el primer bolet\u00edn del Tribunal de Penas en este 2024, destaca que luego del pedido del presidente de la LPF.","breadcrumb":{"@id":"https:\/\/lpfparana.com.ar\/inicio\/amnistia-en-el-comienzo-de-la-temporada\/#breadcrumb"},"inLanguage":"es","potentialAction":[{"@type":"ReadAction","target":["https:\/\/lpfparana.com.ar\/inicio\/amnistia-en-el-comienzo-de-la-temporada\/"]}]},{"@type":"ImageObject","inLanguage":"es","@id":"https:\/\/lpfparana.com.ar\/inicio\/amnistia-en-el-comienzo-de-la-temporada\/#primaryimage","url":"https:\/\/lpfparana.com.ar\/inicio\/wp-content\/uploads\/2024\/03\/WhatsApp-Image-2024-03-19-at-10.07.47.jpeg","contentUrl":"https:\/\/lpfparana.com.ar\/inicio\/wp-content\/uploads\/2024\/03\/WhatsApp-Image-2024-03-19-at-10.07.47.jpeg","width":1057,"height":705},{"@type":"BreadcrumbList","@id":"https:\/\/lpfparana.com.ar\/inicio\/amnistia-en-el-comienzo-de-la-temporada\/#breadcrumb","itemListElement":[{"@type":"ListItem","position":1,"name":"Portada","item":"https:\/\/lpfparana.com.ar\/inicio\/"},{"@type":"ListItem","position":2,"name":"Amnist\u00eda en el comienzo de la temporada"}]},{"@type":"WebSite","@id":"https:\/\/lpfparana.com.ar\/inicio\/#website","url":"https:\/\/lpfparana.com.ar\/inicio\/","name":"","description":"LPF Paran\u00e1","potentialAction":[{"@type":"SearchAction","target":{"@type":"EntryPoint","urlTemplate":"https:\/\/lpfparana.com.ar\/inicio\/?s={search_term_string}"},"query-input":{"@type":"PropertyValueSpecification","valueRequired":true,"valueName":"search_term_string"}}],"inLanguage":"es"},{"@type":"Person","@id":"https:\/\/lpfparana.com.ar\/inicio\/#\/schema\/person\/e4a909baf07553d45f0fb7b76f656d76","name":"Juan Manuel L\u00f3pez","image":{"@type":"ImageObject","inLanguage":"es","@id":"https:\/\/secure.gravatar.com\/avatar\/6fd4b36dc88658b1a9f8103e109f47885fcd020443829a5d936ca18f07c3d96c?s=96&d=mm&r=g","url":"https:\/\/secure.gravatar.com\/avatar\/6fd4b36dc88658b1a9f8103e109f47885fcd020443829a5d936ca18f07c3d96c?s=96&d=mm&r=g","contentUrl":"https:\/\/secure.gravatar.com\/avatar\/6fd4b36dc88658b1a9f8103e109f47885fcd020443829a5d936ca18f07c3d96c?s=96&d=mm&r=g","caption":"Juan Manuel L\u00f3pez"},"url":"https:\/\/lpfparana.com.ar\/inicio\/author\/juanito\/"}]}},"_links":{"self":[{"href":"https:\/\/lpfparana.com.ar\/inicio\/wp-json\/wp\/v2\/posts\/2284","targetHints":{"allow":["GET"]}}],"collection":[{"href":"https:\/\/lpfparana.com.ar\/inicio\/wp-json\/wp\/v2\/posts"}],"about":[{"href":"https:\/\/lpfparana.com.ar\/inicio\/wp-json\/wp\/v2\/types\/post"}],"author":[{"embeddable":true,"href":"https:\/\/lpfparana.com.ar\/inicio\/wp-json\/wp\/v2\/users\/4"}],"replies":[{"embeddable":true,"href":"https:\/\/lpfparana.com.ar\/inicio\/wp-json\/wp\/v2\/comments?post=2284"}],"version-history":[{"count":2,"href":"https:\/\/lpfparana.com.ar\/inicio\/wp-json\/wp\/v2\/posts\/2284\/revisions"}],"predecessor-version":[{"id":2288,"href":"https:\/\/lpfparana.com.ar\/inicio\/wp-json\/wp\/v2\/posts\/2284\/revisions\/2288"}],"wp:featuredmedia":[{"embeddable":true,"href":"https:\/\/lpfparana.com.ar\/inicio\/wp-json\/wp\/v2\/media\/2231"}],"wp:attachment":[{"href":"https:\/\/lpfparana.com.ar\/inicio\/wp-json\/wp\/v2\/media?parent=2284"}],"wp:term":[{"taxonomy":"category","embeddable":true,"href":"https:\/\/lpfparana.com.ar\/inicio\/wp-json\/wp\/v2\/categories?post=2284"},{"taxonomy":"post_tag","embeddable":true,"href":"https:\/\/lpfparana.com.ar\/inicio\/wp-json\/wp\/v2\/tags?post=2284"}],"curies":[{"name":"wp","href":"https:\/\/api.w.org\/{rel}","templated":true}]}}