{"id":2281,"date":"2024-03-22T18:16:21","date_gmt":"2024-03-22T21:16:21","guid":{"rendered":"https:\/\/lpfparana.com.ar\/inicio\/?p=2281"},"modified":"2024-03-22T18:16:23","modified_gmt":"2024-03-22T21:16:23","slug":"ingresos-a-la-superfinal","status":"publish","type":"post","link":"https:\/\/lpfparana.com.ar\/inicio\/ingresos-a-la-superfinal\/","title":{"rendered":"Ingresos a la Superfinal"},"content":{"rendered":"\n<h2 class=\"wp-block-heading\"><strong><em>La Policia de Entre R\u00edos dio a conocer los ingresos al Estadio Presb\u00edtero Bartolom\u00e9 Grella para las parcialidades de Belgrano y Patronato, que disputar\u00e1n la Superfinal el pr\u00f3ximo lunes.<\/em><\/strong><\/h2>\n\n\n\n<p>Con motivo de la Superfinal de la Liga Paranaense de F\u00fatbol, la que se desarrollar\u00e1 el pr\u00f3ximo lunes a las 19, en el Estadio Presb\u00edtero Bartolom\u00e9 Grella, la Jefatura Departamental de Paran\u00e1, luego de coordinar con ambas entidades y autoridades de la Liga, dispone de los siguientes ingresos.<\/p>\n\n\n\n<figure class=\"wp-block-image size-full is-resized\"><a href=\"https:\/\/lpfparana.com.ar\/inicio\/wp-content\/uploads\/2024\/03\/Screenshot_20240322-175430_Drive.jpg\"><img fetchpriority=\"high\" decoding=\"async\" width=\"548\" height=\"454\" src=\"https:\/\/lpfparana.com.ar\/inicio\/wp-content\/uploads\/2024\/03\/Screenshot_20240322-175430_Drive.jpg\" alt=\"\" class=\"wp-image-2283\" style=\"width:396px;height:auto\" srcset=\"https:\/\/lpfparana.com.ar\/inicio\/wp-content\/uploads\/2024\/03\/Screenshot_20240322-175430_Drive.jpg 548w, https:\/\/lpfparana.com.ar\/inicio\/wp-content\/uploads\/2024\/03\/Screenshot_20240322-175430_Drive-300x249.jpg 300w\" sizes=\"(max-width: 548px) 100vw, 548px\" \/><\/a><\/figure>\n\n\n\n<h2 class=\"wp-block-heading\">Parcialidad Patronato<\/h2>\n\n\n\n<p>Los simpatizantes ingresar\u00e1n por calle Grella, desde Churruar\u00edn o Almirante Brown y el primer acceso sobre calle San Nicool\u00e1s. <\/p>\n\n\n\n<h2 class=\"wp-block-heading\">Parcialidad Belgrano<\/h2>\n\n\n\n<p>Los simpatizantes del Mondonguero deber\u00e1n ingresar por los accesos de calle Ayacucho, desde Churruar\u00edn o Almirante Brown, hasta el primer port\u00f3n ubicado por calle San Nicol\u00e1s.<\/p>\n\n\n\n<h2 class=\"wp-block-heading\">Ver tambi\u00e9n<\/h2>\n\n\n\n<figure class=\"wp-block-embed is-type-wp-embed is-provider-incrustado wp-block-embed-incrustado\"><div class=\"wp-block-embed__wrapper\">\n<blockquote class=\"wp-embedded-content\" data-secret=\"6eLLaX2iZo\"><a href=\"https:\/\/lpfparana.com.ar\/inicio\/se-presento-la-superfinal-de-la-liga-paranaense\/\">Se present\u00f3 la Superfinal de la Liga Paranaense<\/a><\/blockquote><iframe class=\"wp-embedded-content\" sandbox=\"allow-scripts\" security=\"restricted\" style=\"position: absolute; clip: rect(1px, 1px, 1px, 1px);\" title=\"\u00abSe present\u00f3 la Superfinal de la Liga Paranaense\u00bb \u2014 \" src=\"https:\/\/lpfparana.com.ar\/inicio\/se-presento-la-superfinal-de-la-liga-paranaense\/embed\/#?secret=BHoLRlIpXT#?secret=6eLLaX2iZo\" data-secret=\"6eLLaX2iZo\" width=\"600\" height=\"338\" frameborder=\"0\" marginwidth=\"0\" marginheight=\"0\" scrolling=\"no\"><\/iframe>\n<\/div><\/figure>\n","protected":false},"excerpt":{"rendered":"<p>La Policia de Entre R\u00edos dio a conocer los ingresos al Estadio Presb\u00edtero Bartolom\u00e9 Grella para las parcialidades de Belgrano y Patronato, que disputar\u00e1n la Superfinal el pr\u00f3ximo lunes. Con motivo de la Superfinal de la Liga Paranaense de F\u00fatbol, la que se desarrollar\u00e1 el pr\u00f3ximo lunes a las 19, en el Estadio Presb\u00edtero Bartolom\u00e9&#8230;<\/p>\n","protected":false},"author":4,"featured_media":2285,"comment_status":"open","ping_status":"open","sticky":false,"template":"","format":"standard","meta":{"footnotes":""},"categories":[2],"tags":[74,140,137,154,150,136],"class_list":["post-2281","post","type-post","status-publish","format-standard","has-post-thumbnail","hentry","category-noticias","tag-belgrano","tag-estadio-grella","tag-final","tag-parcialidad","tag-supercopa","tag-superfinal"],"featured_image_src":"https:\/\/lpfparana.com.ar\/inicio\/wp-content\/uploads\/2024\/03\/20240303_175957-scaled.jpg","author_info":{"display_name":"Juan Manuel L\u00f3pez","author_link":"https:\/\/lpfparana.com.ar\/inicio\/author\/juanito\/"},"yoast_head":"<!-- This site is optimized with the Yoast SEO Premium plugin v23.3 (Yoast SEO v27.2) - https:\/\/yoast.com\/product\/yoast-seo-premium-wordpress\/ -->\n<title>Ingresos a la Superfinal -<\/title>\n<meta name=\"robots\" content=\"index, follow, max-snippet:-1, max-image-preview:large, max-video-preview:-1\" \/>\n<link rel=\"canonical\" href=\"https:\/\/lpfparana.com.ar\/inicio\/ingresos-a-la-superfinal\/\" \/>\n<meta property=\"og:locale\" content=\"es_ES\" \/>\n<meta property=\"og:type\" content=\"article\" \/>\n<meta property=\"og:title\" content=\"Ingresos a la Superfinal\" \/>\n<meta property=\"og:description\" content=\"La Policia de Entre R\u00edos dio a conocer los ingresos al Estadio Presb\u00edtero Bartolom\u00e9 Grella para las parcialidades de Belgrano y Patronato, que disputar\u00e1n la Superfinal el pr\u00f3ximo lunes. Con motivo de la Superfinal de la Liga Paranaense de F\u00fatbol, la que se desarrollar\u00e1 el pr\u00f3ximo lunes a las 19, en el Estadio Presb\u00edtero Bartolom\u00e9...\" \/>\n<meta property=\"og:url\" content=\"https:\/\/lpfparana.com.ar\/inicio\/ingresos-a-la-superfinal\/\" \/>\n<meta property=\"article:published_time\" content=\"2024-03-22T21:16:21+00:00\" \/>\n<meta property=\"article:modified_time\" content=\"2024-03-22T21:16:23+00:00\" \/>\n<meta property=\"og:image\" content=\"https:\/\/lpfparana.com.ar\/inicio\/wp-content\/uploads\/2024\/03\/20240303_175957-scaled.jpg\" \/>\n\t<meta property=\"og:image:width\" content=\"1920\" \/>\n\t<meta property=\"og:image:height\" content=\"2560\" \/>\n\t<meta property=\"og:image:type\" content=\"image\/jpeg\" \/>\n<meta name=\"author\" content=\"Juan Manuel L\u00f3pez\" \/>\n<meta name=\"twitter:card\" content=\"summary_large_image\" \/>\n<meta name=\"twitter:label1\" content=\"Escrito por\" \/>\n\t<meta name=\"twitter:data1\" content=\"Juan Manuel L\u00f3pez\" \/>\n\t<meta name=\"twitter:label2\" content=\"Tiempo de lectura\" \/>\n\t<meta name=\"twitter:data2\" content=\"1 minuto\" \/>\n<script type=\"application\/ld+json\" class=\"yoast-schema-graph\">{\"@context\":\"https:\/\/schema.org\",\"@graph\":[{\"@type\":\"Article\",\"@id\":\"https:\/\/lpfparana.com.ar\/inicio\/ingresos-a-la-superfinal\/#article\",\"isPartOf\":{\"@id\":\"https:\/\/lpfparana.com.ar\/inicio\/ingresos-a-la-superfinal\/\"},\"author\":{\"name\":\"Juan Manuel L\u00f3pez\",\"@id\":\"https:\/\/lpfparana.com.ar\/inicio\/#\/schema\/person\/e4a909baf07553d45f0fb7b76f656d76\"},\"headline\":\"Ingresos a la Superfinal\",\"datePublished\":\"2024-03-22T21:16:21+00:00\",\"dateModified\":\"2024-03-22T21:16:23+00:00\",\"mainEntityOfPage\":{\"@id\":\"https:\/\/lpfparana.com.ar\/inicio\/ingresos-a-la-superfinal\/\"},\"wordCount\":152,\"commentCount\":0,\"image\":{\"@id\":\"https:\/\/lpfparana.com.ar\/inicio\/ingresos-a-la-superfinal\/#primaryimage\"},\"thumbnailUrl\":\"https:\/\/lpfparana.com.ar\/inicio\/wp-content\/uploads\/2024\/03\/20240303_175957-scaled.jpg\",\"keywords\":[\"Belgrano\",\"Estadio Grella\",\"Final\",\"Parcialidad\",\"SuperCopa\",\"Superfinal\"],\"articleSection\":[\"Noticias\"],\"inLanguage\":\"es\",\"potentialAction\":[{\"@type\":\"CommentAction\",\"name\":\"Comment\",\"target\":[\"https:\/\/lpfparana.com.ar\/inicio\/ingresos-a-la-superfinal\/#respond\"]}]},{\"@type\":\"WebPage\",\"@id\":\"https:\/\/lpfparana.com.ar\/inicio\/ingresos-a-la-superfinal\/\",\"url\":\"https:\/\/lpfparana.com.ar\/inicio\/ingresos-a-la-superfinal\/\",\"name\":\"Ingresos a la Superfinal -\",\"isPartOf\":{\"@id\":\"https:\/\/lpfparana.com.ar\/inicio\/#website\"},\"primaryImageOfPage\":{\"@id\":\"https:\/\/lpfparana.com.ar\/inicio\/ingresos-a-la-superfinal\/#primaryimage\"},\"image\":{\"@id\":\"https:\/\/lpfparana.com.ar\/inicio\/ingresos-a-la-superfinal\/#primaryimage\"},\"thumbnailUrl\":\"https:\/\/lpfparana.com.ar\/inicio\/wp-content\/uploads\/2024\/03\/20240303_175957-scaled.jpg\",\"datePublished\":\"2024-03-22T21:16:21+00:00\",\"dateModified\":\"2024-03-22T21:16:23+00:00\",\"author\":{\"@id\":\"https:\/\/lpfparana.com.ar\/inicio\/#\/schema\/person\/e4a909baf07553d45f0fb7b76f656d76\"},\"breadcrumb\":{\"@id\":\"https:\/\/lpfparana.com.ar\/inicio\/ingresos-a-la-superfinal\/#breadcrumb\"},\"inLanguage\":\"es\",\"potentialAction\":[{\"@type\":\"ReadAction\",\"target\":[\"https:\/\/lpfparana.com.ar\/inicio\/ingresos-a-la-superfinal\/\"]}]},{\"@type\":\"ImageObject\",\"inLanguage\":\"es\",\"@id\":\"https:\/\/lpfparana.com.ar\/inicio\/ingresos-a-la-superfinal\/#primaryimage\",\"url\":\"https:\/\/lpfparana.com.ar\/inicio\/wp-content\/uploads\/2024\/03\/20240303_175957-scaled.jpg\",\"contentUrl\":\"https:\/\/lpfparana.com.ar\/inicio\/wp-content\/uploads\/2024\/03\/20240303_175957-scaled.jpg\",\"width\":1920,\"height\":2560},{\"@type\":\"BreadcrumbList\",\"@id\":\"https:\/\/lpfparana.com.ar\/inicio\/ingresos-a-la-superfinal\/#breadcrumb\",\"itemListElement\":[{\"@type\":\"ListItem\",\"position\":1,\"name\":\"Portada\",\"item\":\"https:\/\/lpfparana.com.ar\/inicio\/\"},{\"@type\":\"ListItem\",\"position\":2,\"name\":\"Ingresos a la Superfinal\"}]},{\"@type\":\"WebSite\",\"@id\":\"https:\/\/lpfparana.com.ar\/inicio\/#website\",\"url\":\"https:\/\/lpfparana.com.ar\/inicio\/\",\"name\":\"\",\"description\":\"LPF Paran\u00e1\",\"potentialAction\":[{\"@type\":\"SearchAction\",\"target\":{\"@type\":\"EntryPoint\",\"urlTemplate\":\"https:\/\/lpfparana.com.ar\/inicio\/?s={search_term_string}\"},\"query-input\":{\"@type\":\"PropertyValueSpecification\",\"valueRequired\":true,\"valueName\":\"search_term_string\"}}],\"inLanguage\":\"es\"},{\"@type\":\"Person\",\"@id\":\"https:\/\/lpfparana.com.ar\/inicio\/#\/schema\/person\/e4a909baf07553d45f0fb7b76f656d76\",\"name\":\"Juan Manuel L\u00f3pez\",\"image\":{\"@type\":\"ImageObject\",\"inLanguage\":\"es\",\"@id\":\"https:\/\/secure.gravatar.com\/avatar\/6fd4b36dc88658b1a9f8103e109f47885fcd020443829a5d936ca18f07c3d96c?s=96&d=mm&r=g\",\"url\":\"https:\/\/secure.gravatar.com\/avatar\/6fd4b36dc88658b1a9f8103e109f47885fcd020443829a5d936ca18f07c3d96c?s=96&d=mm&r=g\",\"contentUrl\":\"https:\/\/secure.gravatar.com\/avatar\/6fd4b36dc88658b1a9f8103e109f47885fcd020443829a5d936ca18f07c3d96c?s=96&d=mm&r=g\",\"caption\":\"Juan Manuel L\u00f3pez\"},\"url\":\"https:\/\/lpfparana.com.ar\/inicio\/author\/juanito\/\"}]}<\/script>\n<!-- \/ Yoast SEO Premium plugin. -->","yoast_head_json":{"title":"Ingresos a la Superfinal -","robots":{"index":"index","follow":"follow","max-snippet":"max-snippet:-1","max-image-preview":"max-image-preview:large","max-video-preview":"max-video-preview:-1"},"canonical":"https:\/\/lpfparana.com.ar\/inicio\/ingresos-a-la-superfinal\/","og_locale":"es_ES","og_type":"article","og_title":"Ingresos a la Superfinal","og_description":"La Policia de Entre R\u00edos dio a conocer los ingresos al Estadio Presb\u00edtero Bartolom\u00e9 Grella para las parcialidades de Belgrano y Patronato, que disputar\u00e1n la Superfinal el pr\u00f3ximo lunes. Con motivo de la Superfinal de la Liga Paranaense de F\u00fatbol, la que se desarrollar\u00e1 el pr\u00f3ximo lunes a las 19, en el Estadio Presb\u00edtero Bartolom\u00e9...","og_url":"https:\/\/lpfparana.com.ar\/inicio\/ingresos-a-la-superfinal\/","article_published_time":"2024-03-22T21:16:21+00:00","article_modified_time":"2024-03-22T21:16:23+00:00","og_image":[{"width":1920,"height":2560,"url":"https:\/\/lpfparana.com.ar\/inicio\/wp-content\/uploads\/2024\/03\/20240303_175957-scaled.jpg","type":"image\/jpeg"}],"author":"Juan Manuel L\u00f3pez","twitter_card":"summary_large_image","twitter_misc":{"Escrito por":"Juan Manuel L\u00f3pez","Tiempo de lectura":"1 minuto"},"schema":{"@context":"https:\/\/schema.org","@graph":[{"@type":"Article","@id":"https:\/\/lpfparana.com.ar\/inicio\/ingresos-a-la-superfinal\/#article","isPartOf":{"@id":"https:\/\/lpfparana.com.ar\/inicio\/ingresos-a-la-superfinal\/"},"author":{"name":"Juan Manuel L\u00f3pez","@id":"https:\/\/lpfparana.com.ar\/inicio\/#\/schema\/person\/e4a909baf07553d45f0fb7b76f656d76"},"headline":"Ingresos a la Superfinal","datePublished":"2024-03-22T21:16:21+00:00","dateModified":"2024-03-22T21:16:23+00:00","mainEntityOfPage":{"@id":"https:\/\/lpfparana.com.ar\/inicio\/ingresos-a-la-superfinal\/"},"wordCount":152,"commentCount":0,"image":{"@id":"https:\/\/lpfparana.com.ar\/inicio\/ingresos-a-la-superfinal\/#primaryimage"},"thumbnailUrl":"https:\/\/lpfparana.com.ar\/inicio\/wp-content\/uploads\/2024\/03\/20240303_175957-scaled.jpg","keywords":["Belgrano","Estadio Grella","Final","Parcialidad","SuperCopa","Superfinal"],"articleSection":["Noticias"],"inLanguage":"es","potentialAction":[{"@type":"CommentAction","name":"Comment","target":["https:\/\/lpfparana.com.ar\/inicio\/ingresos-a-la-superfinal\/#respond"]}]},{"@type":"WebPage","@id":"https:\/\/lpfparana.com.ar\/inicio\/ingresos-a-la-superfinal\/","url":"https:\/\/lpfparana.com.ar\/inicio\/ingresos-a-la-superfinal\/","name":"Ingresos a la Superfinal -","isPartOf":{"@id":"https:\/\/lpfparana.com.ar\/inicio\/#website"},"primaryImageOfPage":{"@id":"https:\/\/lpfparana.com.ar\/inicio\/ingresos-a-la-superfinal\/#primaryimage"},"image":{"@id":"https:\/\/lpfparana.com.ar\/inicio\/ingresos-a-la-superfinal\/#primaryimage"},"thumbnailUrl":"https:\/\/lpfparana.com.ar\/inicio\/wp-content\/uploads\/2024\/03\/20240303_175957-scaled.jpg","datePublished":"2024-03-22T21:16:21+00:00","dateModified":"2024-03-22T21:16:23+00:00","author":{"@id":"https:\/\/lpfparana.com.ar\/inicio\/#\/schema\/person\/e4a909baf07553d45f0fb7b76f656d76"},"breadcrumb":{"@id":"https:\/\/lpfparana.com.ar\/inicio\/ingresos-a-la-superfinal\/#breadcrumb"},"inLanguage":"es","potentialAction":[{"@type":"ReadAction","target":["https:\/\/lpfparana.com.ar\/inicio\/ingresos-a-la-superfinal\/"]}]},{"@type":"ImageObject","inLanguage":"es","@id":"https:\/\/lpfparana.com.ar\/inicio\/ingresos-a-la-superfinal\/#primaryimage","url":"https:\/\/lpfparana.com.ar\/inicio\/wp-content\/uploads\/2024\/03\/20240303_175957-scaled.jpg","contentUrl":"https:\/\/lpfparana.com.ar\/inicio\/wp-content\/uploads\/2024\/03\/20240303_175957-scaled.jpg","width":1920,"height":2560},{"@type":"BreadcrumbList","@id":"https:\/\/lpfparana.com.ar\/inicio\/ingresos-a-la-superfinal\/#breadcrumb","itemListElement":[{"@type":"ListItem","position":1,"name":"Portada","item":"https:\/\/lpfparana.com.ar\/inicio\/"},{"@type":"ListItem","position":2,"name":"Ingresos a la Superfinal"}]},{"@type":"WebSite","@id":"https:\/\/lpfparana.com.ar\/inicio\/#website","url":"https:\/\/lpfparana.com.ar\/inicio\/","name":"","description":"LPF Paran\u00e1","potentialAction":[{"@type":"SearchAction","target":{"@type":"EntryPoint","urlTemplate":"https:\/\/lpfparana.com.ar\/inicio\/?s={search_term_string}"},"query-input":{"@type":"PropertyValueSpecification","valueRequired":true,"valueName":"search_term_string"}}],"inLanguage":"es"},{"@type":"Person","@id":"https:\/\/lpfparana.com.ar\/inicio\/#\/schema\/person\/e4a909baf07553d45f0fb7b76f656d76","name":"Juan Manuel L\u00f3pez","image":{"@type":"ImageObject","inLanguage":"es","@id":"https:\/\/secure.gravatar.com\/avatar\/6fd4b36dc88658b1a9f8103e109f47885fcd020443829a5d936ca18f07c3d96c?s=96&d=mm&r=g","url":"https:\/\/secure.gravatar.com\/avatar\/6fd4b36dc88658b1a9f8103e109f47885fcd020443829a5d936ca18f07c3d96c?s=96&d=mm&r=g","contentUrl":"https:\/\/secure.gravatar.com\/avatar\/6fd4b36dc88658b1a9f8103e109f47885fcd020443829a5d936ca18f07c3d96c?s=96&d=mm&r=g","caption":"Juan Manuel L\u00f3pez"},"url":"https:\/\/lpfparana.com.ar\/inicio\/author\/juanito\/"}]}},"_links":{"self":[{"href":"https:\/\/lpfparana.com.ar\/inicio\/wp-json\/wp\/v2\/posts\/2281","targetHints":{"allow":["GET"]}}],"collection":[{"href":"https:\/\/lpfparana.com.ar\/inicio\/wp-json\/wp\/v2\/posts"}],"about":[{"href":"https:\/\/lpfparana.com.ar\/inicio\/wp-json\/wp\/v2\/types\/post"}],"author":[{"embeddable":true,"href":"https:\/\/lpfparana.com.ar\/inicio\/wp-json\/wp\/v2\/users\/4"}],"replies":[{"embeddable":true,"href":"https:\/\/lpfparana.com.ar\/inicio\/wp-json\/wp\/v2\/comments?post=2281"}],"version-history":[{"count":1,"href":"https:\/\/lpfparana.com.ar\/inicio\/wp-json\/wp\/v2\/posts\/2281\/revisions"}],"predecessor-version":[{"id":2286,"href":"https:\/\/lpfparana.com.ar\/inicio\/wp-json\/wp\/v2\/posts\/2281\/revisions\/2286"}],"wp:featuredmedia":[{"embeddable":true,"href":"https:\/\/lpfparana.com.ar\/inicio\/wp-json\/wp\/v2\/media\/2285"}],"wp:attachment":[{"href":"https:\/\/lpfparana.com.ar\/inicio\/wp-json\/wp\/v2\/media?parent=2281"}],"wp:term":[{"taxonomy":"category","embeddable":true,"href":"https:\/\/lpfparana.com.ar\/inicio\/wp-json\/wp\/v2\/categories?post=2281"},{"taxonomy":"post_tag","embeddable":true,"href":"https:\/\/lpfparana.com.ar\/inicio\/wp-json\/wp\/v2\/tags?post=2281"}],"curies":[{"name":"wp","href":"https:\/\/api.w.org\/{rel}","templated":true}]}}