{"id":1664,"date":"2023-09-07T19:07:08","date_gmt":"2023-09-07T22:07:08","guid":{"rendered":"http:\/\/lpfparana.com.ar\/?p=1664"},"modified":"2023-09-07T19:07:08","modified_gmt":"2023-09-07T22:07:08","slug":"es-una-motivacion-linda-comenzar-con-un-clasico","status":"publish","type":"post","link":"https:\/\/lpfparana.com.ar\/inicio\/es-una-motivacion-linda-comenzar-con-un-clasico\/","title":{"rendered":"\u201cEs una motivaci\u00f3n linda comenzar con un cl\u00e1sico\u201d"},"content":{"rendered":"\n<p>Juan Manuel Villaverde y Tom\u00e1s Lencina, futbolistas de San Miguel y Cicl\u00f3n del Sur, respectivamente, palpitaron en Locos por la Liga la apertura de la Zona B y el cl\u00e1sico que disputar\u00e1n este s\u00e1bado.<\/p>\n\n\n\n<p>\u201cVolver al club es algo muy lindo y comenzar con un cl\u00e1sico, m\u00e1s todav\u00eda. Se entrena aparte, la semana es m\u00e1s compleja porque todos quieren estar, pero es especial, porque siempre se mira la tabla a ver cu\u00e1ndo te toca el cl\u00e1sico\u201d, sentenci\u00f3 Villaverde, delantero de San Miguel.<\/p>\n\n\n\n<p>\u201cMetimos un buen trabajado durante la semana, se trabaja con m\u00e1s motivaci\u00f3n, se sumaron m\u00e1s chicos. Se viene dif\u00edcil, no es un rival sencillo, hay que tratar de no tener errores, ir firmes, no regalar nada\u201d, sostuvo por su parte Lencina.<\/p>\n\n\n\n<p>Juan Manuel, en otro punto, tambi\u00e9n habl\u00f3 de objetivos: \u201cEste partido tiene un sabor aparte, uno lo juega como hincha, tengo una ansiedad terrible, queremos ganar y llegar lo m\u00e1s lejos posible con San Miguel, volv\u00ed para jugar a la final y ganar el campeonato y dejar al club lo m\u00e1s alto posible\u201d.<\/p>\n\n\n\n<p>El mediocampista del Azulgrana, dijo: \u201cQueremos dejar lo m\u00e1s alto posible a Cicl\u00f3n del Sur, se lo merece el club, esperemos que se den los resultados. No vamos a pasar de estar casi \u00faltimo a ser campe\u00f3n, ser\u00eda pensar de manera fantasiosa, con equipos duros, el objetivo dejar una base para el pr\u00f3ximo a\u00f1o y, de ah\u00ed, encarar lo que viene de la mejor manera\u201d. &nbsp;<\/p>\n\n\n\n<figure class=\"wp-block-image size-large\"><a href=\"https:\/\/lpfparana.com.ar\/inicio\/wp-content\/uploads\/2023\/09\/ciclon-del-sur.jpg\"><img fetchpriority=\"high\" decoding=\"async\" width=\"1024\" height=\"576\" src=\"http:\/\/lpfparana.com.ar\/wp-content\/uploads\/2023\/09\/ciclon-del-sur-1024x576.jpg\" alt=\"\" class=\"wp-image-1670\" srcset=\"https:\/\/lpfparana.com.ar\/inicio\/wp-content\/uploads\/2023\/09\/ciclon-del-sur-1024x576.jpg 1024w, https:\/\/lpfparana.com.ar\/inicio\/wp-content\/uploads\/2023\/09\/ciclon-del-sur-300x169.jpg 300w, https:\/\/lpfparana.com.ar\/inicio\/wp-content\/uploads\/2023\/09\/ciclon-del-sur-768x432.jpg 768w, https:\/\/lpfparana.com.ar\/inicio\/wp-content\/uploads\/2023\/09\/ciclon-del-sur-500x281.jpg 500w, https:\/\/lpfparana.com.ar\/inicio\/wp-content\/uploads\/2023\/09\/ciclon-del-sur.jpg 1280w\" sizes=\"(max-width: 1024px) 100vw, 1024px\" \/><\/a><\/figure>\n","protected":false},"excerpt":{"rendered":"<p>Juan Manuel Villaverde y Tom\u00e1s Lencina, futbolistas de San Miguel y Cicl\u00f3n del Sur, respectivamente, palpitaron en Locos por la Liga la apertura de la Zona B y el cl\u00e1sico que disputar\u00e1n este s\u00e1bado. \u201cVolver al club es algo muy lindo y comenzar con un cl\u00e1sico, m\u00e1s todav\u00eda. Se entrena aparte, la semana es m\u00e1s&#8230;<\/p>\n","protected":false},"author":2,"featured_media":1665,"comment_status":"open","ping_status":"open","sticky":false,"template":"","format":"standard","meta":{"footnotes":""},"categories":[2],"tags":[],"class_list":["post-1664","post","type-post","status-publish","format-standard","has-post-thumbnail","hentry","category-noticias"],"featured_image_src":"https:\/\/lpfparana.com.ar\/inicio\/wp-content\/uploads\/2023\/09\/villaverde.jpg","author_info":{"display_name":"LPF","author_link":"https:\/\/lpfparana.com.ar\/inicio\/author\/c2031807\/"},"yoast_head":"<!-- This site is optimized with the Yoast SEO Premium plugin v23.3 (Yoast SEO v27.2) - https:\/\/yoast.com\/product\/yoast-seo-premium-wordpress\/ -->\n<title>\u201cEs una motivaci\u00f3n linda comenzar con un cl\u00e1sico\u201d -<\/title>\n<meta name=\"robots\" content=\"index, follow, max-snippet:-1, max-image-preview:large, max-video-preview:-1\" \/>\n<link rel=\"canonical\" href=\"https:\/\/lpfparana.com.ar\/inicio\/es-una-motivacion-linda-comenzar-con-un-clasico\/\" \/>\n<meta property=\"og:locale\" content=\"es_ES\" \/>\n<meta property=\"og:type\" content=\"article\" \/>\n<meta property=\"og:title\" content=\"\u201cEs una motivaci\u00f3n linda comenzar con un cl\u00e1sico\u201d\" \/>\n<meta property=\"og:description\" content=\"Juan Manuel Villaverde y Tom\u00e1s Lencina, futbolistas de San Miguel y Cicl\u00f3n del Sur, respectivamente, palpitaron en Locos por la Liga la apertura de la Zona B y el cl\u00e1sico que disputar\u00e1n este s\u00e1bado. \u201cVolver al club es algo muy lindo y comenzar con un cl\u00e1sico, m\u00e1s todav\u00eda. Se entrena aparte, la semana es m\u00e1s...\" \/>\n<meta property=\"og:url\" content=\"https:\/\/lpfparana.com.ar\/inicio\/es-una-motivacion-linda-comenzar-con-un-clasico\/\" \/>\n<meta property=\"article:published_time\" content=\"2023-09-07T22:07:08+00:00\" \/>\n<meta property=\"og:image\" content=\"https:\/\/lpfparana.com.ar\/inicio\/wp-content\/uploads\/2023\/09\/villaverde.jpg\" \/>\n\t<meta property=\"og:image:width\" content=\"1280\" \/>\n\t<meta property=\"og:image:height\" content=\"720\" \/>\n\t<meta property=\"og:image:type\" content=\"image\/jpeg\" \/>\n<meta name=\"author\" content=\"LPF\" \/>\n<meta name=\"twitter:card\" content=\"summary_large_image\" \/>\n<meta name=\"twitter:label1\" content=\"Escrito por\" \/>\n\t<meta name=\"twitter:data1\" content=\"LPF\" \/>\n\t<meta name=\"twitter:label2\" content=\"Tiempo de lectura\" \/>\n\t<meta name=\"twitter:data2\" content=\"2 minutos\" \/>\n<script type=\"application\/ld+json\" class=\"yoast-schema-graph\">{\"@context\":\"https:\/\/schema.org\",\"@graph\":[{\"@type\":\"Article\",\"@id\":\"https:\/\/lpfparana.com.ar\/inicio\/es-una-motivacion-linda-comenzar-con-un-clasico\/#article\",\"isPartOf\":{\"@id\":\"https:\/\/lpfparana.com.ar\/inicio\/es-una-motivacion-linda-comenzar-con-un-clasico\/\"},\"author\":{\"name\":\"LPF\",\"@id\":\"https:\/\/lpfparana.com.ar\/inicio\/#\/schema\/person\/429ffc0684b3fc8322b5ef17d4f118e7\"},\"headline\":\"\u201cEs una motivaci\u00f3n linda comenzar con un cl\u00e1sico\u201d\",\"datePublished\":\"2023-09-07T22:07:08+00:00\",\"mainEntityOfPage\":{\"@id\":\"https:\/\/lpfparana.com.ar\/inicio\/es-una-motivacion-linda-comenzar-con-un-clasico\/\"},\"wordCount\":276,\"commentCount\":0,\"image\":{\"@id\":\"https:\/\/lpfparana.com.ar\/inicio\/es-una-motivacion-linda-comenzar-con-un-clasico\/#primaryimage\"},\"thumbnailUrl\":\"https:\/\/lpfparana.com.ar\/inicio\/wp-content\/uploads\/2023\/09\/villaverde.jpg\",\"articleSection\":[\"Noticias\"],\"inLanguage\":\"es\",\"potentialAction\":[{\"@type\":\"CommentAction\",\"name\":\"Comment\",\"target\":[\"https:\/\/lpfparana.com.ar\/inicio\/es-una-motivacion-linda-comenzar-con-un-clasico\/#respond\"]}]},{\"@type\":\"WebPage\",\"@id\":\"https:\/\/lpfparana.com.ar\/inicio\/es-una-motivacion-linda-comenzar-con-un-clasico\/\",\"url\":\"https:\/\/lpfparana.com.ar\/inicio\/es-una-motivacion-linda-comenzar-con-un-clasico\/\",\"name\":\"\u201cEs una motivaci\u00f3n linda comenzar con un cl\u00e1sico\u201d -\",\"isPartOf\":{\"@id\":\"https:\/\/lpfparana.com.ar\/inicio\/#website\"},\"primaryImageOfPage\":{\"@id\":\"https:\/\/lpfparana.com.ar\/inicio\/es-una-motivacion-linda-comenzar-con-un-clasico\/#primaryimage\"},\"image\":{\"@id\":\"https:\/\/lpfparana.com.ar\/inicio\/es-una-motivacion-linda-comenzar-con-un-clasico\/#primaryimage\"},\"thumbnailUrl\":\"https:\/\/lpfparana.com.ar\/inicio\/wp-content\/uploads\/2023\/09\/villaverde.jpg\",\"datePublished\":\"2023-09-07T22:07:08+00:00\",\"author\":{\"@id\":\"https:\/\/lpfparana.com.ar\/inicio\/#\/schema\/person\/429ffc0684b3fc8322b5ef17d4f118e7\"},\"breadcrumb\":{\"@id\":\"https:\/\/lpfparana.com.ar\/inicio\/es-una-motivacion-linda-comenzar-con-un-clasico\/#breadcrumb\"},\"inLanguage\":\"es\",\"potentialAction\":[{\"@type\":\"ReadAction\",\"target\":[\"https:\/\/lpfparana.com.ar\/inicio\/es-una-motivacion-linda-comenzar-con-un-clasico\/\"]}]},{\"@type\":\"ImageObject\",\"inLanguage\":\"es\",\"@id\":\"https:\/\/lpfparana.com.ar\/inicio\/es-una-motivacion-linda-comenzar-con-un-clasico\/#primaryimage\",\"url\":\"https:\/\/lpfparana.com.ar\/inicio\/wp-content\/uploads\/2023\/09\/villaverde.jpg\",\"contentUrl\":\"https:\/\/lpfparana.com.ar\/inicio\/wp-content\/uploads\/2023\/09\/villaverde.jpg\",\"width\":1280,\"height\":720},{\"@type\":\"BreadcrumbList\",\"@id\":\"https:\/\/lpfparana.com.ar\/inicio\/es-una-motivacion-linda-comenzar-con-un-clasico\/#breadcrumb\",\"itemListElement\":[{\"@type\":\"ListItem\",\"position\":1,\"name\":\"Portada\",\"item\":\"https:\/\/lpfparana.com.ar\/inicio\/\"},{\"@type\":\"ListItem\",\"position\":2,\"name\":\"\u201cEs una motivaci\u00f3n linda comenzar con un cl\u00e1sico\u201d\"}]},{\"@type\":\"WebSite\",\"@id\":\"https:\/\/lpfparana.com.ar\/inicio\/#website\",\"url\":\"https:\/\/lpfparana.com.ar\/inicio\/\",\"name\":\"\",\"description\":\"LPF Paran\u00e1\",\"potentialAction\":[{\"@type\":\"SearchAction\",\"target\":{\"@type\":\"EntryPoint\",\"urlTemplate\":\"https:\/\/lpfparana.com.ar\/inicio\/?s={search_term_string}\"},\"query-input\":{\"@type\":\"PropertyValueSpecification\",\"valueRequired\":true,\"valueName\":\"search_term_string\"}}],\"inLanguage\":\"es\"},{\"@type\":\"Person\",\"@id\":\"https:\/\/lpfparana.com.ar\/inicio\/#\/schema\/person\/429ffc0684b3fc8322b5ef17d4f118e7\",\"name\":\"LPF\",\"image\":{\"@type\":\"ImageObject\",\"inLanguage\":\"es\",\"@id\":\"https:\/\/secure.gravatar.com\/avatar\/e220872cd77ddfcb8eff4a1465442eec419905dfc59e57039bf520c26caccc60?s=96&d=mm&r=g\",\"url\":\"https:\/\/secure.gravatar.com\/avatar\/e220872cd77ddfcb8eff4a1465442eec419905dfc59e57039bf520c26caccc60?s=96&d=mm&r=g\",\"contentUrl\":\"https:\/\/secure.gravatar.com\/avatar\/e220872cd77ddfcb8eff4a1465442eec419905dfc59e57039bf520c26caccc60?s=96&d=mm&r=g\",\"caption\":\"LPF\"},\"url\":\"https:\/\/lpfparana.com.ar\/inicio\/author\/c2031807\/\"}]}<\/script>\n<!-- \/ Yoast SEO Premium plugin. -->","yoast_head_json":{"title":"\u201cEs una motivaci\u00f3n linda comenzar con un cl\u00e1sico\u201d -","robots":{"index":"index","follow":"follow","max-snippet":"max-snippet:-1","max-image-preview":"max-image-preview:large","max-video-preview":"max-video-preview:-1"},"canonical":"https:\/\/lpfparana.com.ar\/inicio\/es-una-motivacion-linda-comenzar-con-un-clasico\/","og_locale":"es_ES","og_type":"article","og_title":"\u201cEs una motivaci\u00f3n linda comenzar con un cl\u00e1sico\u201d","og_description":"Juan Manuel Villaverde y Tom\u00e1s Lencina, futbolistas de San Miguel y Cicl\u00f3n del Sur, respectivamente, palpitaron en Locos por la Liga la apertura de la Zona B y el cl\u00e1sico que disputar\u00e1n este s\u00e1bado. \u201cVolver al club es algo muy lindo y comenzar con un cl\u00e1sico, m\u00e1s todav\u00eda. Se entrena aparte, la semana es m\u00e1s...","og_url":"https:\/\/lpfparana.com.ar\/inicio\/es-una-motivacion-linda-comenzar-con-un-clasico\/","article_published_time":"2023-09-07T22:07:08+00:00","og_image":[{"width":1280,"height":720,"url":"https:\/\/lpfparana.com.ar\/inicio\/wp-content\/uploads\/2023\/09\/villaverde.jpg","type":"image\/jpeg"}],"author":"LPF","twitter_card":"summary_large_image","twitter_misc":{"Escrito por":"LPF","Tiempo de lectura":"2 minutos"},"schema":{"@context":"https:\/\/schema.org","@graph":[{"@type":"Article","@id":"https:\/\/lpfparana.com.ar\/inicio\/es-una-motivacion-linda-comenzar-con-un-clasico\/#article","isPartOf":{"@id":"https:\/\/lpfparana.com.ar\/inicio\/es-una-motivacion-linda-comenzar-con-un-clasico\/"},"author":{"name":"LPF","@id":"https:\/\/lpfparana.com.ar\/inicio\/#\/schema\/person\/429ffc0684b3fc8322b5ef17d4f118e7"},"headline":"\u201cEs una motivaci\u00f3n linda comenzar con un cl\u00e1sico\u201d","datePublished":"2023-09-07T22:07:08+00:00","mainEntityOfPage":{"@id":"https:\/\/lpfparana.com.ar\/inicio\/es-una-motivacion-linda-comenzar-con-un-clasico\/"},"wordCount":276,"commentCount":0,"image":{"@id":"https:\/\/lpfparana.com.ar\/inicio\/es-una-motivacion-linda-comenzar-con-un-clasico\/#primaryimage"},"thumbnailUrl":"https:\/\/lpfparana.com.ar\/inicio\/wp-content\/uploads\/2023\/09\/villaverde.jpg","articleSection":["Noticias"],"inLanguage":"es","potentialAction":[{"@type":"CommentAction","name":"Comment","target":["https:\/\/lpfparana.com.ar\/inicio\/es-una-motivacion-linda-comenzar-con-un-clasico\/#respond"]}]},{"@type":"WebPage","@id":"https:\/\/lpfparana.com.ar\/inicio\/es-una-motivacion-linda-comenzar-con-un-clasico\/","url":"https:\/\/lpfparana.com.ar\/inicio\/es-una-motivacion-linda-comenzar-con-un-clasico\/","name":"\u201cEs una motivaci\u00f3n linda comenzar con un cl\u00e1sico\u201d -","isPartOf":{"@id":"https:\/\/lpfparana.com.ar\/inicio\/#website"},"primaryImageOfPage":{"@id":"https:\/\/lpfparana.com.ar\/inicio\/es-una-motivacion-linda-comenzar-con-un-clasico\/#primaryimage"},"image":{"@id":"https:\/\/lpfparana.com.ar\/inicio\/es-una-motivacion-linda-comenzar-con-un-clasico\/#primaryimage"},"thumbnailUrl":"https:\/\/lpfparana.com.ar\/inicio\/wp-content\/uploads\/2023\/09\/villaverde.jpg","datePublished":"2023-09-07T22:07:08+00:00","author":{"@id":"https:\/\/lpfparana.com.ar\/inicio\/#\/schema\/person\/429ffc0684b3fc8322b5ef17d4f118e7"},"breadcrumb":{"@id":"https:\/\/lpfparana.com.ar\/inicio\/es-una-motivacion-linda-comenzar-con-un-clasico\/#breadcrumb"},"inLanguage":"es","potentialAction":[{"@type":"ReadAction","target":["https:\/\/lpfparana.com.ar\/inicio\/es-una-motivacion-linda-comenzar-con-un-clasico\/"]}]},{"@type":"ImageObject","inLanguage":"es","@id":"https:\/\/lpfparana.com.ar\/inicio\/es-una-motivacion-linda-comenzar-con-un-clasico\/#primaryimage","url":"https:\/\/lpfparana.com.ar\/inicio\/wp-content\/uploads\/2023\/09\/villaverde.jpg","contentUrl":"https:\/\/lpfparana.com.ar\/inicio\/wp-content\/uploads\/2023\/09\/villaverde.jpg","width":1280,"height":720},{"@type":"BreadcrumbList","@id":"https:\/\/lpfparana.com.ar\/inicio\/es-una-motivacion-linda-comenzar-con-un-clasico\/#breadcrumb","itemListElement":[{"@type":"ListItem","position":1,"name":"Portada","item":"https:\/\/lpfparana.com.ar\/inicio\/"},{"@type":"ListItem","position":2,"name":"\u201cEs una motivaci\u00f3n linda comenzar con un cl\u00e1sico\u201d"}]},{"@type":"WebSite","@id":"https:\/\/lpfparana.com.ar\/inicio\/#website","url":"https:\/\/lpfparana.com.ar\/inicio\/","name":"","description":"LPF Paran\u00e1","potentialAction":[{"@type":"SearchAction","target":{"@type":"EntryPoint","urlTemplate":"https:\/\/lpfparana.com.ar\/inicio\/?s={search_term_string}"},"query-input":{"@type":"PropertyValueSpecification","valueRequired":true,"valueName":"search_term_string"}}],"inLanguage":"es"},{"@type":"Person","@id":"https:\/\/lpfparana.com.ar\/inicio\/#\/schema\/person\/429ffc0684b3fc8322b5ef17d4f118e7","name":"LPF","image":{"@type":"ImageObject","inLanguage":"es","@id":"https:\/\/secure.gravatar.com\/avatar\/e220872cd77ddfcb8eff4a1465442eec419905dfc59e57039bf520c26caccc60?s=96&d=mm&r=g","url":"https:\/\/secure.gravatar.com\/avatar\/e220872cd77ddfcb8eff4a1465442eec419905dfc59e57039bf520c26caccc60?s=96&d=mm&r=g","contentUrl":"https:\/\/secure.gravatar.com\/avatar\/e220872cd77ddfcb8eff4a1465442eec419905dfc59e57039bf520c26caccc60?s=96&d=mm&r=g","caption":"LPF"},"url":"https:\/\/lpfparana.com.ar\/inicio\/author\/c2031807\/"}]}},"_links":{"self":[{"href":"https:\/\/lpfparana.com.ar\/inicio\/wp-json\/wp\/v2\/posts\/1664","targetHints":{"allow":["GET"]}}],"collection":[{"href":"https:\/\/lpfparana.com.ar\/inicio\/wp-json\/wp\/v2\/posts"}],"about":[{"href":"https:\/\/lpfparana.com.ar\/inicio\/wp-json\/wp\/v2\/types\/post"}],"author":[{"embeddable":true,"href":"https:\/\/lpfparana.com.ar\/inicio\/wp-json\/wp\/v2\/users\/2"}],"replies":[{"embeddable":true,"href":"https:\/\/lpfparana.com.ar\/inicio\/wp-json\/wp\/v2\/comments?post=1664"}],"version-history":[{"count":0,"href":"https:\/\/lpfparana.com.ar\/inicio\/wp-json\/wp\/v2\/posts\/1664\/revisions"}],"wp:featuredmedia":[{"embeddable":true,"href":"https:\/\/lpfparana.com.ar\/inicio\/wp-json\/wp\/v2\/media\/1665"}],"wp:attachment":[{"href":"https:\/\/lpfparana.com.ar\/inicio\/wp-json\/wp\/v2\/media?parent=1664"}],"wp:term":[{"taxonomy":"category","embeddable":true,"href":"https:\/\/lpfparana.com.ar\/inicio\/wp-json\/wp\/v2\/categories?post=1664"},{"taxonomy":"post_tag","embeddable":true,"href":"https:\/\/lpfparana.com.ar\/inicio\/wp-json\/wp\/v2\/tags?post=1664"}],"curies":[{"name":"wp","href":"https:\/\/api.w.org\/{rel}","templated":true}]}}