{"id":1661,"date":"2023-09-07T19:01:21","date_gmt":"2023-09-07T22:01:21","guid":{"rendered":"http:\/\/lpfparana.com.ar\/?p=1661"},"modified":"2023-09-07T19:01:21","modified_gmt":"2023-09-07T22:01:21","slug":"el-libro-de-pases-se-extiende-una-semana-mas","status":"publish","type":"post","link":"https:\/\/lpfparana.com.ar\/inicio\/el-libro-de-pases-se-extiende-una-semana-mas\/","title":{"rendered":"\u00abEl libro de pases se extiende una semana m\u00e1s\u00bb"},"content":{"rendered":"\n<p><em>En dialogo con el programa oficial de la Liga Paranaense que se emite por FM LITORAL, Emery (GERENTE DE LA LPF) dej\u00f3 las siguientes declaraciones.<\/em><\/p>\n\n\n\n<p>El libro de pases, estaba estipulado que cierre este jueves, pero como se corri\u00f3 el inicio de la Copa, tambi\u00e9n se posterg\u00f3 una semana el cierre del libro de pases, hasta el pr\u00f3ximo jueves al medio d\u00eda.<\/p>\n\n\n\n<p>El inicio de los torneos son s\u00faper movidos, han entrado muchos pases locales e interligas, nos tiene atareados, pero todo arranque implica la fixturaci\u00f3n de todas las categor\u00edas en los sistemas que utilizamos para la comunicaci\u00f3n.<\/p>\n\n\n\n<p><strong>8va y 9na<\/strong><\/p>\n\n\n\n<p>Las copas se conformaron en dos zonas en el masculino, al igual que la Sub 23 que coinciden. Las 8vas y 9nas, se fixture igual que Juveniles y jugar\u00e1n los domingos por la tarde en el predio de la Liga.<\/p>\n\n\n\n<p><strong>Localia Atl\u00e9tico &nbsp;Paran\u00e1<\/strong><\/p>\n\n\n\n<p>Sab\u00edamos de los trabajos que est\u00e1 realizando Atletico Paran\u00e1 en su cancha, para pararla, por el uso intenso y la dirigencia de Paran\u00e1 siempre se port\u00f3 bien con la Liga, prestando la cancha y ahora buscaremos la vuelta para que se le devuelva este buen gesto para con los diferentes clubes, para que puedan ser de local en una cancha.<\/p>\n\n\n\n<p><strong>Femenino<\/strong><\/p>\n\n\n\n<p>Venimos trabajando fuerte con el Femenino, agregando categor\u00edas para la competencia y en Primera Divisi\u00f3n. Programamos un formato de A y B para el Torneo Unidad, que conmemora torneos del Masculino, con la idea de avanzar en la calidad de la competencia y permitir el crecimiento de clubes. Estamos trabajando bien con los diferentes clubes de la categor\u00eda y el armado de las zonas, por lo que ser\u00e1 un lindo torneo, con dos elencos nuevos.<\/p>\n","protected":false},"excerpt":{"rendered":"<p>En dialogo con el programa oficial de la Liga Paranaense que se emite por FM LITORAL, Emery (GERENTE DE LA LPF) dej\u00f3 las siguientes declaraciones. El libro de pases, estaba estipulado que cierre este jueves, pero como se corri\u00f3 el inicio de la Copa, tambi\u00e9n se posterg\u00f3 una semana el cierre del libro de pases,&#8230;<\/p>\n","protected":false},"author":2,"featured_media":1662,"comment_status":"open","ping_status":"open","sticky":false,"template":"","format":"standard","meta":{"footnotes":""},"categories":[2],"tags":[],"class_list":["post-1661","post","type-post","status-publish","format-standard","has-post-thumbnail","hentry","category-noticias"],"featured_image_src":"https:\/\/lpfparana.com.ar\/inicio\/wp-content\/uploads\/2023\/09\/emery.jpg","author_info":{"display_name":"LPF","author_link":"https:\/\/lpfparana.com.ar\/inicio\/author\/c2031807\/"},"yoast_head":"<!-- This site is optimized with the Yoast SEO Premium plugin v23.3 (Yoast SEO v27.2) - https:\/\/yoast.com\/product\/yoast-seo-premium-wordpress\/ -->\n<title>&quot;El libro de pases se extiende una semana m\u00e1s&quot; -<\/title>\n<meta name=\"robots\" content=\"index, follow, max-snippet:-1, max-image-preview:large, max-video-preview:-1\" \/>\n<link rel=\"canonical\" href=\"https:\/\/lpfparana.com.ar\/inicio\/el-libro-de-pases-se-extiende-una-semana-mas\/\" \/>\n<meta property=\"og:locale\" content=\"es_ES\" \/>\n<meta property=\"og:type\" content=\"article\" \/>\n<meta property=\"og:title\" content=\"&quot;El libro de pases se extiende una semana m\u00e1s&quot;\" \/>\n<meta property=\"og:description\" content=\"En dialogo con el programa oficial de la Liga Paranaense que se emite por FM LITORAL, Emery (GERENTE DE LA LPF) dej\u00f3 las siguientes declaraciones. El libro de pases, estaba estipulado que cierre este jueves, pero como se corri\u00f3 el inicio de la Copa, tambi\u00e9n se posterg\u00f3 una semana el cierre del libro de pases,...\" \/>\n<meta property=\"og:url\" content=\"https:\/\/lpfparana.com.ar\/inicio\/el-libro-de-pases-se-extiende-una-semana-mas\/\" \/>\n<meta property=\"article:published_time\" content=\"2023-09-07T22:01:21+00:00\" \/>\n<meta property=\"og:image\" content=\"https:\/\/lpfparana.com.ar\/inicio\/wp-content\/uploads\/2023\/09\/emery.jpg\" \/>\n\t<meta property=\"og:image:width\" content=\"1280\" \/>\n\t<meta property=\"og:image:height\" content=\"720\" \/>\n\t<meta property=\"og:image:type\" content=\"image\/jpeg\" \/>\n<meta name=\"author\" content=\"LPF\" \/>\n<meta name=\"twitter:card\" content=\"summary_large_image\" \/>\n<meta name=\"twitter:label1\" content=\"Escrito por\" \/>\n\t<meta name=\"twitter:data1\" content=\"LPF\" \/>\n\t<meta name=\"twitter:label2\" content=\"Tiempo de lectura\" \/>\n\t<meta name=\"twitter:data2\" content=\"2 minutos\" \/>\n<script type=\"application\/ld+json\" class=\"yoast-schema-graph\">{\"@context\":\"https:\/\/schema.org\",\"@graph\":[{\"@type\":\"Article\",\"@id\":\"https:\/\/lpfparana.com.ar\/inicio\/el-libro-de-pases-se-extiende-una-semana-mas\/#article\",\"isPartOf\":{\"@id\":\"https:\/\/lpfparana.com.ar\/inicio\/el-libro-de-pases-se-extiende-una-semana-mas\/\"},\"author\":{\"name\":\"LPF\",\"@id\":\"https:\/\/lpfparana.com.ar\/inicio\/#\/schema\/person\/429ffc0684b3fc8322b5ef17d4f118e7\"},\"headline\":\"\u00abEl libro de pases se extiende una semana m\u00e1s\u00bb\",\"datePublished\":\"2023-09-07T22:01:21+00:00\",\"mainEntityOfPage\":{\"@id\":\"https:\/\/lpfparana.com.ar\/inicio\/el-libro-de-pases-se-extiende-una-semana-mas\/\"},\"wordCount\":303,\"commentCount\":0,\"image\":{\"@id\":\"https:\/\/lpfparana.com.ar\/inicio\/el-libro-de-pases-se-extiende-una-semana-mas\/#primaryimage\"},\"thumbnailUrl\":\"https:\/\/lpfparana.com.ar\/inicio\/wp-content\/uploads\/2023\/09\/emery.jpg\",\"articleSection\":[\"Noticias\"],\"inLanguage\":\"es\",\"potentialAction\":[{\"@type\":\"CommentAction\",\"name\":\"Comment\",\"target\":[\"https:\/\/lpfparana.com.ar\/inicio\/el-libro-de-pases-se-extiende-una-semana-mas\/#respond\"]}]},{\"@type\":\"WebPage\",\"@id\":\"https:\/\/lpfparana.com.ar\/inicio\/el-libro-de-pases-se-extiende-una-semana-mas\/\",\"url\":\"https:\/\/lpfparana.com.ar\/inicio\/el-libro-de-pases-se-extiende-una-semana-mas\/\",\"name\":\"\\\"El libro de pases se extiende una semana m\u00e1s\\\" -\",\"isPartOf\":{\"@id\":\"https:\/\/lpfparana.com.ar\/inicio\/#website\"},\"primaryImageOfPage\":{\"@id\":\"https:\/\/lpfparana.com.ar\/inicio\/el-libro-de-pases-se-extiende-una-semana-mas\/#primaryimage\"},\"image\":{\"@id\":\"https:\/\/lpfparana.com.ar\/inicio\/el-libro-de-pases-se-extiende-una-semana-mas\/#primaryimage\"},\"thumbnailUrl\":\"https:\/\/lpfparana.com.ar\/inicio\/wp-content\/uploads\/2023\/09\/emery.jpg\",\"datePublished\":\"2023-09-07T22:01:21+00:00\",\"author\":{\"@id\":\"https:\/\/lpfparana.com.ar\/inicio\/#\/schema\/person\/429ffc0684b3fc8322b5ef17d4f118e7\"},\"breadcrumb\":{\"@id\":\"https:\/\/lpfparana.com.ar\/inicio\/el-libro-de-pases-se-extiende-una-semana-mas\/#breadcrumb\"},\"inLanguage\":\"es\",\"potentialAction\":[{\"@type\":\"ReadAction\",\"target\":[\"https:\/\/lpfparana.com.ar\/inicio\/el-libro-de-pases-se-extiende-una-semana-mas\/\"]}]},{\"@type\":\"ImageObject\",\"inLanguage\":\"es\",\"@id\":\"https:\/\/lpfparana.com.ar\/inicio\/el-libro-de-pases-se-extiende-una-semana-mas\/#primaryimage\",\"url\":\"https:\/\/lpfparana.com.ar\/inicio\/wp-content\/uploads\/2023\/09\/emery.jpg\",\"contentUrl\":\"https:\/\/lpfparana.com.ar\/inicio\/wp-content\/uploads\/2023\/09\/emery.jpg\",\"width\":1280,\"height\":720},{\"@type\":\"BreadcrumbList\",\"@id\":\"https:\/\/lpfparana.com.ar\/inicio\/el-libro-de-pases-se-extiende-una-semana-mas\/#breadcrumb\",\"itemListElement\":[{\"@type\":\"ListItem\",\"position\":1,\"name\":\"Portada\",\"item\":\"https:\/\/lpfparana.com.ar\/inicio\/\"},{\"@type\":\"ListItem\",\"position\":2,\"name\":\"&#8220;El libro de pases se extiende una semana m\u00e1s&#8221;\"}]},{\"@type\":\"WebSite\",\"@id\":\"https:\/\/lpfparana.com.ar\/inicio\/#website\",\"url\":\"https:\/\/lpfparana.com.ar\/inicio\/\",\"name\":\"\",\"description\":\"LPF Paran\u00e1\",\"potentialAction\":[{\"@type\":\"SearchAction\",\"target\":{\"@type\":\"EntryPoint\",\"urlTemplate\":\"https:\/\/lpfparana.com.ar\/inicio\/?s={search_term_string}\"},\"query-input\":{\"@type\":\"PropertyValueSpecification\",\"valueRequired\":true,\"valueName\":\"search_term_string\"}}],\"inLanguage\":\"es\"},{\"@type\":\"Person\",\"@id\":\"https:\/\/lpfparana.com.ar\/inicio\/#\/schema\/person\/429ffc0684b3fc8322b5ef17d4f118e7\",\"name\":\"LPF\",\"image\":{\"@type\":\"ImageObject\",\"inLanguage\":\"es\",\"@id\":\"https:\/\/secure.gravatar.com\/avatar\/e220872cd77ddfcb8eff4a1465442eec419905dfc59e57039bf520c26caccc60?s=96&d=mm&r=g\",\"url\":\"https:\/\/secure.gravatar.com\/avatar\/e220872cd77ddfcb8eff4a1465442eec419905dfc59e57039bf520c26caccc60?s=96&d=mm&r=g\",\"contentUrl\":\"https:\/\/secure.gravatar.com\/avatar\/e220872cd77ddfcb8eff4a1465442eec419905dfc59e57039bf520c26caccc60?s=96&d=mm&r=g\",\"caption\":\"LPF\"},\"url\":\"https:\/\/lpfparana.com.ar\/inicio\/author\/c2031807\/\"}]}<\/script>\n<!-- \/ Yoast SEO Premium plugin. -->","yoast_head_json":{"title":"\"El libro de pases se extiende una semana m\u00e1s\" -","robots":{"index":"index","follow":"follow","max-snippet":"max-snippet:-1","max-image-preview":"max-image-preview:large","max-video-preview":"max-video-preview:-1"},"canonical":"https:\/\/lpfparana.com.ar\/inicio\/el-libro-de-pases-se-extiende-una-semana-mas\/","og_locale":"es_ES","og_type":"article","og_title":"\"El libro de pases se extiende una semana m\u00e1s\"","og_description":"En dialogo con el programa oficial de la Liga Paranaense que se emite por FM LITORAL, Emery (GERENTE DE LA LPF) dej\u00f3 las siguientes declaraciones. El libro de pases, estaba estipulado que cierre este jueves, pero como se corri\u00f3 el inicio de la Copa, tambi\u00e9n se posterg\u00f3 una semana el cierre del libro de pases,...","og_url":"https:\/\/lpfparana.com.ar\/inicio\/el-libro-de-pases-se-extiende-una-semana-mas\/","article_published_time":"2023-09-07T22:01:21+00:00","og_image":[{"width":1280,"height":720,"url":"https:\/\/lpfparana.com.ar\/inicio\/wp-content\/uploads\/2023\/09\/emery.jpg","type":"image\/jpeg"}],"author":"LPF","twitter_card":"summary_large_image","twitter_misc":{"Escrito por":"LPF","Tiempo de lectura":"2 minutos"},"schema":{"@context":"https:\/\/schema.org","@graph":[{"@type":"Article","@id":"https:\/\/lpfparana.com.ar\/inicio\/el-libro-de-pases-se-extiende-una-semana-mas\/#article","isPartOf":{"@id":"https:\/\/lpfparana.com.ar\/inicio\/el-libro-de-pases-se-extiende-una-semana-mas\/"},"author":{"name":"LPF","@id":"https:\/\/lpfparana.com.ar\/inicio\/#\/schema\/person\/429ffc0684b3fc8322b5ef17d4f118e7"},"headline":"\u00abEl libro de pases se extiende una semana m\u00e1s\u00bb","datePublished":"2023-09-07T22:01:21+00:00","mainEntityOfPage":{"@id":"https:\/\/lpfparana.com.ar\/inicio\/el-libro-de-pases-se-extiende-una-semana-mas\/"},"wordCount":303,"commentCount":0,"image":{"@id":"https:\/\/lpfparana.com.ar\/inicio\/el-libro-de-pases-se-extiende-una-semana-mas\/#primaryimage"},"thumbnailUrl":"https:\/\/lpfparana.com.ar\/inicio\/wp-content\/uploads\/2023\/09\/emery.jpg","articleSection":["Noticias"],"inLanguage":"es","potentialAction":[{"@type":"CommentAction","name":"Comment","target":["https:\/\/lpfparana.com.ar\/inicio\/el-libro-de-pases-se-extiende-una-semana-mas\/#respond"]}]},{"@type":"WebPage","@id":"https:\/\/lpfparana.com.ar\/inicio\/el-libro-de-pases-se-extiende-una-semana-mas\/","url":"https:\/\/lpfparana.com.ar\/inicio\/el-libro-de-pases-se-extiende-una-semana-mas\/","name":"\"El libro de pases se extiende una semana m\u00e1s\" -","isPartOf":{"@id":"https:\/\/lpfparana.com.ar\/inicio\/#website"},"primaryImageOfPage":{"@id":"https:\/\/lpfparana.com.ar\/inicio\/el-libro-de-pases-se-extiende-una-semana-mas\/#primaryimage"},"image":{"@id":"https:\/\/lpfparana.com.ar\/inicio\/el-libro-de-pases-se-extiende-una-semana-mas\/#primaryimage"},"thumbnailUrl":"https:\/\/lpfparana.com.ar\/inicio\/wp-content\/uploads\/2023\/09\/emery.jpg","datePublished":"2023-09-07T22:01:21+00:00","author":{"@id":"https:\/\/lpfparana.com.ar\/inicio\/#\/schema\/person\/429ffc0684b3fc8322b5ef17d4f118e7"},"breadcrumb":{"@id":"https:\/\/lpfparana.com.ar\/inicio\/el-libro-de-pases-se-extiende-una-semana-mas\/#breadcrumb"},"inLanguage":"es","potentialAction":[{"@type":"ReadAction","target":["https:\/\/lpfparana.com.ar\/inicio\/el-libro-de-pases-se-extiende-una-semana-mas\/"]}]},{"@type":"ImageObject","inLanguage":"es","@id":"https:\/\/lpfparana.com.ar\/inicio\/el-libro-de-pases-se-extiende-una-semana-mas\/#primaryimage","url":"https:\/\/lpfparana.com.ar\/inicio\/wp-content\/uploads\/2023\/09\/emery.jpg","contentUrl":"https:\/\/lpfparana.com.ar\/inicio\/wp-content\/uploads\/2023\/09\/emery.jpg","width":1280,"height":720},{"@type":"BreadcrumbList","@id":"https:\/\/lpfparana.com.ar\/inicio\/el-libro-de-pases-se-extiende-una-semana-mas\/#breadcrumb","itemListElement":[{"@type":"ListItem","position":1,"name":"Portada","item":"https:\/\/lpfparana.com.ar\/inicio\/"},{"@type":"ListItem","position":2,"name":"&#8220;El libro de pases se extiende una semana m\u00e1s&#8221;"}]},{"@type":"WebSite","@id":"https:\/\/lpfparana.com.ar\/inicio\/#website","url":"https:\/\/lpfparana.com.ar\/inicio\/","name":"","description":"LPF Paran\u00e1","potentialAction":[{"@type":"SearchAction","target":{"@type":"EntryPoint","urlTemplate":"https:\/\/lpfparana.com.ar\/inicio\/?s={search_term_string}"},"query-input":{"@type":"PropertyValueSpecification","valueRequired":true,"valueName":"search_term_string"}}],"inLanguage":"es"},{"@type":"Person","@id":"https:\/\/lpfparana.com.ar\/inicio\/#\/schema\/person\/429ffc0684b3fc8322b5ef17d4f118e7","name":"LPF","image":{"@type":"ImageObject","inLanguage":"es","@id":"https:\/\/secure.gravatar.com\/avatar\/e220872cd77ddfcb8eff4a1465442eec419905dfc59e57039bf520c26caccc60?s=96&d=mm&r=g","url":"https:\/\/secure.gravatar.com\/avatar\/e220872cd77ddfcb8eff4a1465442eec419905dfc59e57039bf520c26caccc60?s=96&d=mm&r=g","contentUrl":"https:\/\/secure.gravatar.com\/avatar\/e220872cd77ddfcb8eff4a1465442eec419905dfc59e57039bf520c26caccc60?s=96&d=mm&r=g","caption":"LPF"},"url":"https:\/\/lpfparana.com.ar\/inicio\/author\/c2031807\/"}]}},"_links":{"self":[{"href":"https:\/\/lpfparana.com.ar\/inicio\/wp-json\/wp\/v2\/posts\/1661","targetHints":{"allow":["GET"]}}],"collection":[{"href":"https:\/\/lpfparana.com.ar\/inicio\/wp-json\/wp\/v2\/posts"}],"about":[{"href":"https:\/\/lpfparana.com.ar\/inicio\/wp-json\/wp\/v2\/types\/post"}],"author":[{"embeddable":true,"href":"https:\/\/lpfparana.com.ar\/inicio\/wp-json\/wp\/v2\/users\/2"}],"replies":[{"embeddable":true,"href":"https:\/\/lpfparana.com.ar\/inicio\/wp-json\/wp\/v2\/comments?post=1661"}],"version-history":[{"count":0,"href":"https:\/\/lpfparana.com.ar\/inicio\/wp-json\/wp\/v2\/posts\/1661\/revisions"}],"wp:featuredmedia":[{"embeddable":true,"href":"https:\/\/lpfparana.com.ar\/inicio\/wp-json\/wp\/v2\/media\/1662"}],"wp:attachment":[{"href":"https:\/\/lpfparana.com.ar\/inicio\/wp-json\/wp\/v2\/media?parent=1661"}],"wp:term":[{"taxonomy":"category","embeddable":true,"href":"https:\/\/lpfparana.com.ar\/inicio\/wp-json\/wp\/v2\/categories?post=1661"},{"taxonomy":"post_tag","embeddable":true,"href":"https:\/\/lpfparana.com.ar\/inicio\/wp-json\/wp\/v2\/tags?post=1661"}],"curies":[{"name":"wp","href":"https:\/\/api.w.org\/{rel}","templated":true}]}}