{"id":1523,"date":"2023-07-28T14:20:30","date_gmt":"2023-07-28T17:20:30","guid":{"rendered":"http:\/\/lpfparana.com.ar\/?p=1523"},"modified":"2023-07-28T14:20:30","modified_gmt":"2023-07-28T17:20:30","slug":"la-liga-paranaense-y-sus-clubes-presentes-en-san-juan-en-agosto-para-participar-del-segundo-congreso-de-dirigentes-deportivos","status":"publish","type":"post","link":"https:\/\/lpfparana.com.ar\/inicio\/la-liga-paranaense-y-sus-clubes-presentes-en-san-juan-en-agosto-para-participar-del-segundo-congreso-de-dirigentes-deportivos\/","title":{"rendered":"La Liga Paranaense y sus clubes, presentes en San Juan en agosto, para participar del Segundo Congreso de dirigentes deportivos"},"content":{"rendered":"\n<p>Integrantes de la mesa directiva de la Liga Paranaense de F\u00fatbol y de sus clubes afiliados, estar\u00e1n presentes el pr\u00f3ximo 26 de agosto en San Juan, donde se desarrollar\u00e1 el segundo Congreso Deportivo en el que se analizar\u00e1n varias tem\u00e1ticas.<\/p>\n\n\n\n<p>Cabe acotar que adem\u00e1s brindar\u00e1n sendos discursos el presidente de la Asociaci\u00f3n del F\u00fatbol Argentino, Claudio Chiqui Tapia y el titular del Consejo Federal, Pablo Toviggino.<\/p>\n\n\n\n<p>Y por si fuera poco quienes participen del evento podr\u00e1n conocer la Copa del Mundo lograda en Qatar 2022. La misma ser\u00e1 puesta en exhibici\u00f3n junto a la Copa Am\u00e9rica de 2021 y la Finalissima de 2022.<\/p>\n\n\n\n<p>Un evento que se desarroll\u00f3 por primera vez La Rioja en 2021 bajo la organizaci\u00f3n de la AFA y con la participaci\u00f3n de 500 dirigentes de 23 provincias.<\/p>\n\n\n\n<p>La LPF, a trav\u00e9s de su presidente Alejandro Schneider, realiz\u00f3 las correspondientes invitaciones a los clubes que la conforman y se espera la asistencia de un n\u00famero superior a los 200 dirigentes, quienes viajar\u00e1n el viernes 25 para estar presente en San Juan el d\u00eda s\u00e1bado, y luego retornar a la capital entrerriana.<\/p>\n\n\n\n<p>Schneider tambi\u00e9n confirm\u00f3 (como delegado por Entre R\u00edos ante el Consejo Federal) que \u201cmovilizaremos mas de 900 dirigentes de clubes y Ligas de toda la provincia, siendo una demostraci\u00f3n de unidad del f\u00fatbol de Entre R\u00edos, para poder lograr cosas importantes en el futuro. En San Juan viviremos un gran acontecimiento\u201d.<\/p>\n\n\n\n<p><strong>EL EVENTO<\/strong><\/p>\n\n\n\n<p>El cronograma del evento es el siguiente:<\/p>\n\n\n\n<p>10-Apertura del predio y exposici\u00f3n de Copas.<\/p>\n\n\n\n<p>12-Presentaci\u00f3n del evento y palabras de bienvenida. Luego exposici\u00f3n de las tem\u00e1ticas del Consejo Federal con oradores a confirmar. El temario incluye: Sistema Comet, Tribunal de Penas, F\u00fatbol Infanto Juvenil, Futsal, F\u00fatbol Femenino, F\u00fatbol Playa, Torneo Federal A, Arbitraje.<\/p>\n\n\n\n<p>Posteriormente Pablo Toviggino y Claudio Tapia cerrar\u00e1n el encuentro con unas palabras.<\/p>\n","protected":false},"excerpt":{"rendered":"<p>Integrantes de la mesa directiva de la Liga Paranaense de F\u00fatbol y de sus clubes afiliados, estar\u00e1n presentes el pr\u00f3ximo 26 de agosto en San Juan, donde se desarrollar\u00e1 el segundo Congreso Deportivo en el que se analizar\u00e1n varias tem\u00e1ticas. Cabe acotar que adem\u00e1s brindar\u00e1n sendos discursos el presidente de la Asociaci\u00f3n del F\u00fatbol Argentino,&#8230;<\/p>\n","protected":false},"author":2,"featured_media":1524,"comment_status":"open","ping_status":"open","sticky":false,"template":"","format":"standard","meta":{"footnotes":""},"categories":[8,2],"tags":[],"class_list":["post-1523","post","type-post","status-publish","format-standard","has-post-thumbnail","hentry","category-masculino","category-noticias"],"featured_image_src":"https:\/\/lpfparana.com.ar\/inicio\/wp-content\/uploads\/2023\/07\/copa.jpg","author_info":{"display_name":"LPF","author_link":"https:\/\/lpfparana.com.ar\/inicio\/author\/c2031807\/"},"yoast_head":"<!-- This site is optimized with the Yoast SEO Premium plugin v23.3 (Yoast SEO v27.2) - https:\/\/yoast.com\/product\/yoast-seo-premium-wordpress\/ -->\n<title>La Liga Paranaense y sus clubes, presentes en San Juan en agosto, para participar del Segundo Congreso de dirigentes deportivos -<\/title>\n<meta name=\"robots\" content=\"index, follow, max-snippet:-1, max-image-preview:large, max-video-preview:-1\" \/>\n<link rel=\"canonical\" href=\"https:\/\/lpfparana.com.ar\/inicio\/la-liga-paranaense-y-sus-clubes-presentes-en-san-juan-en-agosto-para-participar-del-segundo-congreso-de-dirigentes-deportivos\/\" \/>\n<meta property=\"og:locale\" content=\"es_ES\" \/>\n<meta property=\"og:type\" content=\"article\" \/>\n<meta property=\"og:title\" content=\"La Liga Paranaense y sus clubes, presentes en San Juan en agosto, para participar del Segundo Congreso de dirigentes deportivos\" \/>\n<meta property=\"og:description\" content=\"Integrantes de la mesa directiva de la Liga Paranaense de F\u00fatbol y de sus clubes afiliados, estar\u00e1n presentes el pr\u00f3ximo 26 de agosto en San Juan, donde se desarrollar\u00e1 el segundo Congreso Deportivo en el que se analizar\u00e1n varias tem\u00e1ticas. Cabe acotar que adem\u00e1s brindar\u00e1n sendos discursos el presidente de la Asociaci\u00f3n del F\u00fatbol Argentino,...\" \/>\n<meta property=\"og:url\" content=\"https:\/\/lpfparana.com.ar\/inicio\/la-liga-paranaense-y-sus-clubes-presentes-en-san-juan-en-agosto-para-participar-del-segundo-congreso-de-dirigentes-deportivos\/\" \/>\n<meta property=\"article:published_time\" content=\"2023-07-28T17:20:30+00:00\" \/>\n<meta property=\"og:image\" content=\"https:\/\/lpfparana.com.ar\/inicio\/wp-content\/uploads\/2023\/07\/copa.jpg\" \/>\n\t<meta property=\"og:image:width\" content=\"1024\" \/>\n\t<meta property=\"og:image:height\" content=\"683\" \/>\n\t<meta property=\"og:image:type\" content=\"image\/jpeg\" \/>\n<meta name=\"author\" content=\"LPF\" \/>\n<meta name=\"twitter:card\" content=\"summary_large_image\" \/>\n<meta name=\"twitter:label1\" content=\"Escrito por\" \/>\n\t<meta name=\"twitter:data1\" content=\"LPF\" \/>\n\t<meta name=\"twitter:label2\" content=\"Tiempo de lectura\" \/>\n\t<meta name=\"twitter:data2\" content=\"2 minutos\" \/>\n<script type=\"application\/ld+json\" class=\"yoast-schema-graph\">{\"@context\":\"https:\/\/schema.org\",\"@graph\":[{\"@type\":\"Article\",\"@id\":\"https:\/\/lpfparana.com.ar\/inicio\/la-liga-paranaense-y-sus-clubes-presentes-en-san-juan-en-agosto-para-participar-del-segundo-congreso-de-dirigentes-deportivos\/#article\",\"isPartOf\":{\"@id\":\"https:\/\/lpfparana.com.ar\/inicio\/la-liga-paranaense-y-sus-clubes-presentes-en-san-juan-en-agosto-para-participar-del-segundo-congreso-de-dirigentes-deportivos\/\"},\"author\":{\"name\":\"LPF\",\"@id\":\"https:\/\/lpfparana.com.ar\/inicio\/#\/schema\/person\/429ffc0684b3fc8322b5ef17d4f118e7\"},\"headline\":\"La Liga Paranaense y sus clubes, presentes en San Juan en agosto, para participar del Segundo Congreso de dirigentes deportivos\",\"datePublished\":\"2023-07-28T17:20:30+00:00\",\"mainEntityOfPage\":{\"@id\":\"https:\/\/lpfparana.com.ar\/inicio\/la-liga-paranaense-y-sus-clubes-presentes-en-san-juan-en-agosto-para-participar-del-segundo-congreso-de-dirigentes-deportivos\/\"},\"wordCount\":344,\"commentCount\":0,\"image\":{\"@id\":\"https:\/\/lpfparana.com.ar\/inicio\/la-liga-paranaense-y-sus-clubes-presentes-en-san-juan-en-agosto-para-participar-del-segundo-congreso-de-dirigentes-deportivos\/#primaryimage\"},\"thumbnailUrl\":\"https:\/\/lpfparana.com.ar\/inicio\/wp-content\/uploads\/2023\/07\/copa.jpg\",\"articleSection\":[\"Masculino\",\"Noticias\"],\"inLanguage\":\"es\",\"potentialAction\":[{\"@type\":\"CommentAction\",\"name\":\"Comment\",\"target\":[\"https:\/\/lpfparana.com.ar\/inicio\/la-liga-paranaense-y-sus-clubes-presentes-en-san-juan-en-agosto-para-participar-del-segundo-congreso-de-dirigentes-deportivos\/#respond\"]}]},{\"@type\":\"WebPage\",\"@id\":\"https:\/\/lpfparana.com.ar\/inicio\/la-liga-paranaense-y-sus-clubes-presentes-en-san-juan-en-agosto-para-participar-del-segundo-congreso-de-dirigentes-deportivos\/\",\"url\":\"https:\/\/lpfparana.com.ar\/inicio\/la-liga-paranaense-y-sus-clubes-presentes-en-san-juan-en-agosto-para-participar-del-segundo-congreso-de-dirigentes-deportivos\/\",\"name\":\"La Liga Paranaense y sus clubes, presentes en San Juan en agosto, para participar del Segundo Congreso de dirigentes deportivos -\",\"isPartOf\":{\"@id\":\"https:\/\/lpfparana.com.ar\/inicio\/#website\"},\"primaryImageOfPage\":{\"@id\":\"https:\/\/lpfparana.com.ar\/inicio\/la-liga-paranaense-y-sus-clubes-presentes-en-san-juan-en-agosto-para-participar-del-segundo-congreso-de-dirigentes-deportivos\/#primaryimage\"},\"image\":{\"@id\":\"https:\/\/lpfparana.com.ar\/inicio\/la-liga-paranaense-y-sus-clubes-presentes-en-san-juan-en-agosto-para-participar-del-segundo-congreso-de-dirigentes-deportivos\/#primaryimage\"},\"thumbnailUrl\":\"https:\/\/lpfparana.com.ar\/inicio\/wp-content\/uploads\/2023\/07\/copa.jpg\",\"datePublished\":\"2023-07-28T17:20:30+00:00\",\"author\":{\"@id\":\"https:\/\/lpfparana.com.ar\/inicio\/#\/schema\/person\/429ffc0684b3fc8322b5ef17d4f118e7\"},\"breadcrumb\":{\"@id\":\"https:\/\/lpfparana.com.ar\/inicio\/la-liga-paranaense-y-sus-clubes-presentes-en-san-juan-en-agosto-para-participar-del-segundo-congreso-de-dirigentes-deportivos\/#breadcrumb\"},\"inLanguage\":\"es\",\"potentialAction\":[{\"@type\":\"ReadAction\",\"target\":[\"https:\/\/lpfparana.com.ar\/inicio\/la-liga-paranaense-y-sus-clubes-presentes-en-san-juan-en-agosto-para-participar-del-segundo-congreso-de-dirigentes-deportivos\/\"]}]},{\"@type\":\"ImageObject\",\"inLanguage\":\"es\",\"@id\":\"https:\/\/lpfparana.com.ar\/inicio\/la-liga-paranaense-y-sus-clubes-presentes-en-san-juan-en-agosto-para-participar-del-segundo-congreso-de-dirigentes-deportivos\/#primaryimage\",\"url\":\"https:\/\/lpfparana.com.ar\/inicio\/wp-content\/uploads\/2023\/07\/copa.jpg\",\"contentUrl\":\"https:\/\/lpfparana.com.ar\/inicio\/wp-content\/uploads\/2023\/07\/copa.jpg\",\"width\":1024,\"height\":683},{\"@type\":\"BreadcrumbList\",\"@id\":\"https:\/\/lpfparana.com.ar\/inicio\/la-liga-paranaense-y-sus-clubes-presentes-en-san-juan-en-agosto-para-participar-del-segundo-congreso-de-dirigentes-deportivos\/#breadcrumb\",\"itemListElement\":[{\"@type\":\"ListItem\",\"position\":1,\"name\":\"Portada\",\"item\":\"https:\/\/lpfparana.com.ar\/inicio\/\"},{\"@type\":\"ListItem\",\"position\":2,\"name\":\"La Liga Paranaense y sus clubes, presentes en San Juan en agosto, para participar del Segundo Congreso de dirigentes deportivos\"}]},{\"@type\":\"WebSite\",\"@id\":\"https:\/\/lpfparana.com.ar\/inicio\/#website\",\"url\":\"https:\/\/lpfparana.com.ar\/inicio\/\",\"name\":\"\",\"description\":\"LPF Paran\u00e1\",\"potentialAction\":[{\"@type\":\"SearchAction\",\"target\":{\"@type\":\"EntryPoint\",\"urlTemplate\":\"https:\/\/lpfparana.com.ar\/inicio\/?s={search_term_string}\"},\"query-input\":{\"@type\":\"PropertyValueSpecification\",\"valueRequired\":true,\"valueName\":\"search_term_string\"}}],\"inLanguage\":\"es\"},{\"@type\":\"Person\",\"@id\":\"https:\/\/lpfparana.com.ar\/inicio\/#\/schema\/person\/429ffc0684b3fc8322b5ef17d4f118e7\",\"name\":\"LPF\",\"image\":{\"@type\":\"ImageObject\",\"inLanguage\":\"es\",\"@id\":\"https:\/\/secure.gravatar.com\/avatar\/e220872cd77ddfcb8eff4a1465442eec419905dfc59e57039bf520c26caccc60?s=96&d=mm&r=g\",\"url\":\"https:\/\/secure.gravatar.com\/avatar\/e220872cd77ddfcb8eff4a1465442eec419905dfc59e57039bf520c26caccc60?s=96&d=mm&r=g\",\"contentUrl\":\"https:\/\/secure.gravatar.com\/avatar\/e220872cd77ddfcb8eff4a1465442eec419905dfc59e57039bf520c26caccc60?s=96&d=mm&r=g\",\"caption\":\"LPF\"},\"url\":\"https:\/\/lpfparana.com.ar\/inicio\/author\/c2031807\/\"}]}<\/script>\n<!-- \/ Yoast SEO Premium plugin. -->","yoast_head_json":{"title":"La Liga Paranaense y sus clubes, presentes en San Juan en agosto, para participar del Segundo Congreso de dirigentes deportivos -","robots":{"index":"index","follow":"follow","max-snippet":"max-snippet:-1","max-image-preview":"max-image-preview:large","max-video-preview":"max-video-preview:-1"},"canonical":"https:\/\/lpfparana.com.ar\/inicio\/la-liga-paranaense-y-sus-clubes-presentes-en-san-juan-en-agosto-para-participar-del-segundo-congreso-de-dirigentes-deportivos\/","og_locale":"es_ES","og_type":"article","og_title":"La Liga Paranaense y sus clubes, presentes en San Juan en agosto, para participar del Segundo Congreso de dirigentes deportivos","og_description":"Integrantes de la mesa directiva de la Liga Paranaense de F\u00fatbol y de sus clubes afiliados, estar\u00e1n presentes el pr\u00f3ximo 26 de agosto en San Juan, donde se desarrollar\u00e1 el segundo Congreso Deportivo en el que se analizar\u00e1n varias tem\u00e1ticas. Cabe acotar que adem\u00e1s brindar\u00e1n sendos discursos el presidente de la Asociaci\u00f3n del F\u00fatbol Argentino,...","og_url":"https:\/\/lpfparana.com.ar\/inicio\/la-liga-paranaense-y-sus-clubes-presentes-en-san-juan-en-agosto-para-participar-del-segundo-congreso-de-dirigentes-deportivos\/","article_published_time":"2023-07-28T17:20:30+00:00","og_image":[{"width":1024,"height":683,"url":"https:\/\/lpfparana.com.ar\/inicio\/wp-content\/uploads\/2023\/07\/copa.jpg","type":"image\/jpeg"}],"author":"LPF","twitter_card":"summary_large_image","twitter_misc":{"Escrito por":"LPF","Tiempo de lectura":"2 minutos"},"schema":{"@context":"https:\/\/schema.org","@graph":[{"@type":"Article","@id":"https:\/\/lpfparana.com.ar\/inicio\/la-liga-paranaense-y-sus-clubes-presentes-en-san-juan-en-agosto-para-participar-del-segundo-congreso-de-dirigentes-deportivos\/#article","isPartOf":{"@id":"https:\/\/lpfparana.com.ar\/inicio\/la-liga-paranaense-y-sus-clubes-presentes-en-san-juan-en-agosto-para-participar-del-segundo-congreso-de-dirigentes-deportivos\/"},"author":{"name":"LPF","@id":"https:\/\/lpfparana.com.ar\/inicio\/#\/schema\/person\/429ffc0684b3fc8322b5ef17d4f118e7"},"headline":"La Liga Paranaense y sus clubes, presentes en San Juan en agosto, para participar del Segundo Congreso de dirigentes deportivos","datePublished":"2023-07-28T17:20:30+00:00","mainEntityOfPage":{"@id":"https:\/\/lpfparana.com.ar\/inicio\/la-liga-paranaense-y-sus-clubes-presentes-en-san-juan-en-agosto-para-participar-del-segundo-congreso-de-dirigentes-deportivos\/"},"wordCount":344,"commentCount":0,"image":{"@id":"https:\/\/lpfparana.com.ar\/inicio\/la-liga-paranaense-y-sus-clubes-presentes-en-san-juan-en-agosto-para-participar-del-segundo-congreso-de-dirigentes-deportivos\/#primaryimage"},"thumbnailUrl":"https:\/\/lpfparana.com.ar\/inicio\/wp-content\/uploads\/2023\/07\/copa.jpg","articleSection":["Masculino","Noticias"],"inLanguage":"es","potentialAction":[{"@type":"CommentAction","name":"Comment","target":["https:\/\/lpfparana.com.ar\/inicio\/la-liga-paranaense-y-sus-clubes-presentes-en-san-juan-en-agosto-para-participar-del-segundo-congreso-de-dirigentes-deportivos\/#respond"]}]},{"@type":"WebPage","@id":"https:\/\/lpfparana.com.ar\/inicio\/la-liga-paranaense-y-sus-clubes-presentes-en-san-juan-en-agosto-para-participar-del-segundo-congreso-de-dirigentes-deportivos\/","url":"https:\/\/lpfparana.com.ar\/inicio\/la-liga-paranaense-y-sus-clubes-presentes-en-san-juan-en-agosto-para-participar-del-segundo-congreso-de-dirigentes-deportivos\/","name":"La Liga Paranaense y sus clubes, presentes en San Juan en agosto, para participar del Segundo Congreso de dirigentes deportivos -","isPartOf":{"@id":"https:\/\/lpfparana.com.ar\/inicio\/#website"},"primaryImageOfPage":{"@id":"https:\/\/lpfparana.com.ar\/inicio\/la-liga-paranaense-y-sus-clubes-presentes-en-san-juan-en-agosto-para-participar-del-segundo-congreso-de-dirigentes-deportivos\/#primaryimage"},"image":{"@id":"https:\/\/lpfparana.com.ar\/inicio\/la-liga-paranaense-y-sus-clubes-presentes-en-san-juan-en-agosto-para-participar-del-segundo-congreso-de-dirigentes-deportivos\/#primaryimage"},"thumbnailUrl":"https:\/\/lpfparana.com.ar\/inicio\/wp-content\/uploads\/2023\/07\/copa.jpg","datePublished":"2023-07-28T17:20:30+00:00","author":{"@id":"https:\/\/lpfparana.com.ar\/inicio\/#\/schema\/person\/429ffc0684b3fc8322b5ef17d4f118e7"},"breadcrumb":{"@id":"https:\/\/lpfparana.com.ar\/inicio\/la-liga-paranaense-y-sus-clubes-presentes-en-san-juan-en-agosto-para-participar-del-segundo-congreso-de-dirigentes-deportivos\/#breadcrumb"},"inLanguage":"es","potentialAction":[{"@type":"ReadAction","target":["https:\/\/lpfparana.com.ar\/inicio\/la-liga-paranaense-y-sus-clubes-presentes-en-san-juan-en-agosto-para-participar-del-segundo-congreso-de-dirigentes-deportivos\/"]}]},{"@type":"ImageObject","inLanguage":"es","@id":"https:\/\/lpfparana.com.ar\/inicio\/la-liga-paranaense-y-sus-clubes-presentes-en-san-juan-en-agosto-para-participar-del-segundo-congreso-de-dirigentes-deportivos\/#primaryimage","url":"https:\/\/lpfparana.com.ar\/inicio\/wp-content\/uploads\/2023\/07\/copa.jpg","contentUrl":"https:\/\/lpfparana.com.ar\/inicio\/wp-content\/uploads\/2023\/07\/copa.jpg","width":1024,"height":683},{"@type":"BreadcrumbList","@id":"https:\/\/lpfparana.com.ar\/inicio\/la-liga-paranaense-y-sus-clubes-presentes-en-san-juan-en-agosto-para-participar-del-segundo-congreso-de-dirigentes-deportivos\/#breadcrumb","itemListElement":[{"@type":"ListItem","position":1,"name":"Portada","item":"https:\/\/lpfparana.com.ar\/inicio\/"},{"@type":"ListItem","position":2,"name":"La Liga Paranaense y sus clubes, presentes en San Juan en agosto, para participar del Segundo Congreso de dirigentes deportivos"}]},{"@type":"WebSite","@id":"https:\/\/lpfparana.com.ar\/inicio\/#website","url":"https:\/\/lpfparana.com.ar\/inicio\/","name":"","description":"LPF Paran\u00e1","potentialAction":[{"@type":"SearchAction","target":{"@type":"EntryPoint","urlTemplate":"https:\/\/lpfparana.com.ar\/inicio\/?s={search_term_string}"},"query-input":{"@type":"PropertyValueSpecification","valueRequired":true,"valueName":"search_term_string"}}],"inLanguage":"es"},{"@type":"Person","@id":"https:\/\/lpfparana.com.ar\/inicio\/#\/schema\/person\/429ffc0684b3fc8322b5ef17d4f118e7","name":"LPF","image":{"@type":"ImageObject","inLanguage":"es","@id":"https:\/\/secure.gravatar.com\/avatar\/e220872cd77ddfcb8eff4a1465442eec419905dfc59e57039bf520c26caccc60?s=96&d=mm&r=g","url":"https:\/\/secure.gravatar.com\/avatar\/e220872cd77ddfcb8eff4a1465442eec419905dfc59e57039bf520c26caccc60?s=96&d=mm&r=g","contentUrl":"https:\/\/secure.gravatar.com\/avatar\/e220872cd77ddfcb8eff4a1465442eec419905dfc59e57039bf520c26caccc60?s=96&d=mm&r=g","caption":"LPF"},"url":"https:\/\/lpfparana.com.ar\/inicio\/author\/c2031807\/"}]}},"_links":{"self":[{"href":"https:\/\/lpfparana.com.ar\/inicio\/wp-json\/wp\/v2\/posts\/1523","targetHints":{"allow":["GET"]}}],"collection":[{"href":"https:\/\/lpfparana.com.ar\/inicio\/wp-json\/wp\/v2\/posts"}],"about":[{"href":"https:\/\/lpfparana.com.ar\/inicio\/wp-json\/wp\/v2\/types\/post"}],"author":[{"embeddable":true,"href":"https:\/\/lpfparana.com.ar\/inicio\/wp-json\/wp\/v2\/users\/2"}],"replies":[{"embeddable":true,"href":"https:\/\/lpfparana.com.ar\/inicio\/wp-json\/wp\/v2\/comments?post=1523"}],"version-history":[{"count":0,"href":"https:\/\/lpfparana.com.ar\/inicio\/wp-json\/wp\/v2\/posts\/1523\/revisions"}],"wp:featuredmedia":[{"embeddable":true,"href":"https:\/\/lpfparana.com.ar\/inicio\/wp-json\/wp\/v2\/media\/1524"}],"wp:attachment":[{"href":"https:\/\/lpfparana.com.ar\/inicio\/wp-json\/wp\/v2\/media?parent=1523"}],"wp:term":[{"taxonomy":"category","embeddable":true,"href":"https:\/\/lpfparana.com.ar\/inicio\/wp-json\/wp\/v2\/categories?post=1523"},{"taxonomy":"post_tag","embeddable":true,"href":"https:\/\/lpfparana.com.ar\/inicio\/wp-json\/wp\/v2\/tags?post=1523"}],"curies":[{"name":"wp","href":"https:\/\/api.w.org\/{rel}","templated":true}]}}