{"id":1436,"date":"2023-06-29T13:33:42","date_gmt":"2023-06-29T16:33:42","guid":{"rendered":"http:\/\/lpfparana.com.ar\/?p=1436"},"modified":"2023-06-29T13:33:42","modified_gmt":"2023-06-29T16:33:42","slug":"san-benito-y-la-cuenta-regresiva-para-su-sueno-en-la-copa-federal","status":"publish","type":"post","link":"https:\/\/lpfparana.com.ar\/inicio\/san-benito-y-la-cuenta-regresiva-para-su-sueno-en-la-copa-federal\/","title":{"rendered":"San Benito y la cuenta regresiva para su sue\u00f1o en la Copa Federal"},"content":{"rendered":"\n<p>El equipo femenino de Social y Deportivo San Benito iniciar\u00e1 durante el fin de semana del 15 y 16 de julio su periplo por la etapa Clasificatoria (Regi\u00f3n Litoral) de la Copa Federal. El objetivo del elenco que dirige Juan Pablo Giannecchine ser\u00e1 ganar la zona entrerriana para meterse en la definici\u00f3n final que tendr\u00e1 lugar en el Predio que la Asociaci\u00f3n del F\u00fatbol Argentino (AFA) posee en Ezeiza.<\/p>\n\n\n\n<p>Este certamen es organizado por el Consejo Federal y regulado por la Federaci\u00f3n Entrerriana de F\u00fatbol.<\/p>\n\n\n\n<p>Sanbe disputar\u00e1 un cuandrangular (todos contra todos a dos ruedas) junto a San Marcial de Concepci\u00f3n del Uruguay, Santa Mar\u00eda y Defensores de la Constituci\u00f3n de Concordia.<\/p>\n\n\n\n<p>Las representantes de la Liga Paranaense de F\u00fatbol jugar\u00e1n los dos primeros partidos de local (ante San Marcial y Defensores), luego tendr\u00e1n tres juegos fuera de casa para cerrar en su estadio.<\/p>\n\n\n\n<p><strong>AN\u00c1LISIS DE PAMELA TORTUL<\/strong><\/p>\n\n\n\n<p>La coordinadora del f\u00fatbol femenino de San Benito, Pamela T\u00f3rtul, mencion\u00f3 en di\u00e1logo con el programa&nbsp;<em>A Quien Corresponda<\/em>, que se emite por&nbsp;<em>Radio De La Plaza (94.7)<\/em>, que \u201canoche (por el mi\u00e9rcoles) se realiz\u00f3 la reuni\u00f3n del sorteo y ahora ya teniendo definidos los cruces se puede organizar de una mejor manera desde lo deportivo y lo econ\u00f3mico. Ojal\u00e1 este torneo nos tenga como candidatos que es algo que siempre se busca\u201d.<\/p>\n\n\n\n<p>En cuanto al armado del plantel, la referente del&nbsp;<em>Santo<\/em>&nbsp;expres\u00f3 que \u201cla idea desde un primer momento fue siempre sumar cinco refuerzos para conformar la lista de 23 jugadoras, algo que le va a complicar un poco al entrenador a la hora de armar el equipo\u201d.<\/p>\n\n\n\n<p>En relaci\u00f3n al torneo en s\u00ed, T\u00f3rtul manifest\u00f3 que \u201cnos da mucha motivaci\u00f3n cruzarnos con los mismos equipos que lo hicimos en la Copa Entre R\u00edos, ahora en otro contexto y con otro objetivo totalmente diferente como es ir a un torneo nacional\u201d.<\/p>\n\n\n\n<p>Cabe acotar que Sanbe tiene como objetivo obtener una plaza en la Primera Divisi\u00f3n C de AFA y que en pos de ese objetivo viene trabajando de manera mancomunada con la Liga Paranaense de F\u00fatbol.<\/p>\n\n\n\n<p><strong>LOS PARTIDOS<\/strong><\/p>\n\n\n\n<p><strong>Primera fecha:<\/strong> San Benito-San Marcial (probablemente domingo 16), Defensores-Santa Mar\u00eda.<\/p>\n\n\n\n<p><strong>Segunda fecha: <\/strong>San Marcial-Santa Mar\u00eda, San Benito-Defensores.<\/p>\n\n\n\n<p><strong>Tercera fecha: <\/strong>Defensores-San Marcial, Santa Mar\u00eda-San Benito.<\/p>\n\n\n\n<p><strong>Cuarta fecha: <\/strong>San Marcial-San Benito, Santa Mar\u00eda-Defensores.<\/p>\n\n\n\n<p><strong>Quinta fecha: <\/strong>Santa Mar\u00eda-San Marcial, Defensores-San Benito.<\/p>\n\n\n\n<p><strong>Sexta fecha: <\/strong>San Marcial-Defensores, San Benito-Santa Mar\u00eda.<\/p>\n","protected":false},"excerpt":{"rendered":"<p>El equipo femenino de Social y Deportivo San Benito iniciar\u00e1 durante el fin de semana del 15 y 16 de julio su periplo por la etapa Clasificatoria (Regi\u00f3n Litoral) de la Copa Federal. El objetivo del elenco que dirige Juan Pablo Giannecchine ser\u00e1 ganar la zona entrerriana para meterse en la definici\u00f3n final que tendr\u00e1&#8230;<\/p>\n","protected":false},"author":2,"featured_media":1437,"comment_status":"open","ping_status":"open","sticky":false,"template":"","format":"standard","meta":{"footnotes":""},"categories":[5,2],"tags":[],"class_list":["post-1436","post","type-post","status-publish","format-standard","has-post-thumbnail","hentry","category-femenino","category-noticias"],"featured_image_src":"https:\/\/lpfparana.com.ar\/inicio\/wp-content\/uploads\/2023\/06\/sanbe-scaled-1.jpg","author_info":{"display_name":"LPF","author_link":"https:\/\/lpfparana.com.ar\/inicio\/author\/c2031807\/"},"yoast_head":"<!-- This site is optimized with the Yoast SEO Premium plugin v23.3 (Yoast SEO v27.2) - https:\/\/yoast.com\/product\/yoast-seo-premium-wordpress\/ -->\n<title>San Benito y la cuenta regresiva para su sue\u00f1o en la Copa Federal -<\/title>\n<meta name=\"robots\" content=\"index, follow, max-snippet:-1, max-image-preview:large, max-video-preview:-1\" \/>\n<link rel=\"canonical\" href=\"https:\/\/lpfparana.com.ar\/inicio\/san-benito-y-la-cuenta-regresiva-para-su-sueno-en-la-copa-federal\/\" \/>\n<meta property=\"og:locale\" content=\"es_ES\" \/>\n<meta property=\"og:type\" content=\"article\" \/>\n<meta property=\"og:title\" content=\"San Benito y la cuenta regresiva para su sue\u00f1o en la Copa Federal\" \/>\n<meta property=\"og:description\" content=\"El equipo femenino de Social y Deportivo San Benito iniciar\u00e1 durante el fin de semana del 15 y 16 de julio su periplo por la etapa Clasificatoria (Regi\u00f3n Litoral) de la Copa Federal. El objetivo del elenco que dirige Juan Pablo Giannecchine ser\u00e1 ganar la zona entrerriana para meterse en la definici\u00f3n final que tendr\u00e1...\" \/>\n<meta property=\"og:url\" content=\"https:\/\/lpfparana.com.ar\/inicio\/san-benito-y-la-cuenta-regresiva-para-su-sueno-en-la-copa-federal\/\" \/>\n<meta property=\"article:published_time\" content=\"2023-06-29T16:33:42+00:00\" \/>\n<meta property=\"og:image\" content=\"https:\/\/lpfparana.com.ar\/inicio\/wp-content\/uploads\/2023\/06\/sanbe-scaled-1.jpg\" \/>\n\t<meta property=\"og:image:width\" content=\"2560\" \/>\n\t<meta property=\"og:image:height\" content=\"1609\" \/>\n\t<meta property=\"og:image:type\" content=\"image\/jpeg\" \/>\n<meta name=\"author\" content=\"LPF\" \/>\n<meta name=\"twitter:card\" content=\"summary_large_image\" \/>\n<meta name=\"twitter:label1\" content=\"Escrito por\" \/>\n\t<meta name=\"twitter:data1\" content=\"LPF\" \/>\n\t<meta name=\"twitter:label2\" content=\"Tiempo de lectura\" \/>\n\t<meta name=\"twitter:data2\" content=\"2 minutos\" \/>\n<script type=\"application\/ld+json\" class=\"yoast-schema-graph\">{\"@context\":\"https:\/\/schema.org\",\"@graph\":[{\"@type\":\"Article\",\"@id\":\"https:\/\/lpfparana.com.ar\/inicio\/san-benito-y-la-cuenta-regresiva-para-su-sueno-en-la-copa-federal\/#article\",\"isPartOf\":{\"@id\":\"https:\/\/lpfparana.com.ar\/inicio\/san-benito-y-la-cuenta-regresiva-para-su-sueno-en-la-copa-federal\/\"},\"author\":{\"name\":\"LPF\",\"@id\":\"https:\/\/lpfparana.com.ar\/inicio\/#\/schema\/person\/429ffc0684b3fc8322b5ef17d4f118e7\"},\"headline\":\"San Benito y la cuenta regresiva para su sue\u00f1o en la Copa Federal\",\"datePublished\":\"2023-06-29T16:33:42+00:00\",\"mainEntityOfPage\":{\"@id\":\"https:\/\/lpfparana.com.ar\/inicio\/san-benito-y-la-cuenta-regresiva-para-su-sueno-en-la-copa-federal\/\"},\"wordCount\":437,\"commentCount\":0,\"image\":{\"@id\":\"https:\/\/lpfparana.com.ar\/inicio\/san-benito-y-la-cuenta-regresiva-para-su-sueno-en-la-copa-federal\/#primaryimage\"},\"thumbnailUrl\":\"https:\/\/lpfparana.com.ar\/inicio\/wp-content\/uploads\/2023\/06\/sanbe-scaled-1.jpg\",\"articleSection\":[\"Femenino\",\"Noticias\"],\"inLanguage\":\"es\",\"potentialAction\":[{\"@type\":\"CommentAction\",\"name\":\"Comment\",\"target\":[\"https:\/\/lpfparana.com.ar\/inicio\/san-benito-y-la-cuenta-regresiva-para-su-sueno-en-la-copa-federal\/#respond\"]}]},{\"@type\":\"WebPage\",\"@id\":\"https:\/\/lpfparana.com.ar\/inicio\/san-benito-y-la-cuenta-regresiva-para-su-sueno-en-la-copa-federal\/\",\"url\":\"https:\/\/lpfparana.com.ar\/inicio\/san-benito-y-la-cuenta-regresiva-para-su-sueno-en-la-copa-federal\/\",\"name\":\"San Benito y la cuenta regresiva para su sue\u00f1o en la Copa Federal -\",\"isPartOf\":{\"@id\":\"https:\/\/lpfparana.com.ar\/inicio\/#website\"},\"primaryImageOfPage\":{\"@id\":\"https:\/\/lpfparana.com.ar\/inicio\/san-benito-y-la-cuenta-regresiva-para-su-sueno-en-la-copa-federal\/#primaryimage\"},\"image\":{\"@id\":\"https:\/\/lpfparana.com.ar\/inicio\/san-benito-y-la-cuenta-regresiva-para-su-sueno-en-la-copa-federal\/#primaryimage\"},\"thumbnailUrl\":\"https:\/\/lpfparana.com.ar\/inicio\/wp-content\/uploads\/2023\/06\/sanbe-scaled-1.jpg\",\"datePublished\":\"2023-06-29T16:33:42+00:00\",\"author\":{\"@id\":\"https:\/\/lpfparana.com.ar\/inicio\/#\/schema\/person\/429ffc0684b3fc8322b5ef17d4f118e7\"},\"breadcrumb\":{\"@id\":\"https:\/\/lpfparana.com.ar\/inicio\/san-benito-y-la-cuenta-regresiva-para-su-sueno-en-la-copa-federal\/#breadcrumb\"},\"inLanguage\":\"es\",\"potentialAction\":[{\"@type\":\"ReadAction\",\"target\":[\"https:\/\/lpfparana.com.ar\/inicio\/san-benito-y-la-cuenta-regresiva-para-su-sueno-en-la-copa-federal\/\"]}]},{\"@type\":\"ImageObject\",\"inLanguage\":\"es\",\"@id\":\"https:\/\/lpfparana.com.ar\/inicio\/san-benito-y-la-cuenta-regresiva-para-su-sueno-en-la-copa-federal\/#primaryimage\",\"url\":\"https:\/\/lpfparana.com.ar\/inicio\/wp-content\/uploads\/2023\/06\/sanbe-scaled-1.jpg\",\"contentUrl\":\"https:\/\/lpfparana.com.ar\/inicio\/wp-content\/uploads\/2023\/06\/sanbe-scaled-1.jpg\",\"width\":2560,\"height\":1609},{\"@type\":\"BreadcrumbList\",\"@id\":\"https:\/\/lpfparana.com.ar\/inicio\/san-benito-y-la-cuenta-regresiva-para-su-sueno-en-la-copa-federal\/#breadcrumb\",\"itemListElement\":[{\"@type\":\"ListItem\",\"position\":1,\"name\":\"Portada\",\"item\":\"https:\/\/lpfparana.com.ar\/inicio\/\"},{\"@type\":\"ListItem\",\"position\":2,\"name\":\"San Benito y la cuenta regresiva para su sue\u00f1o en la Copa Federal\"}]},{\"@type\":\"WebSite\",\"@id\":\"https:\/\/lpfparana.com.ar\/inicio\/#website\",\"url\":\"https:\/\/lpfparana.com.ar\/inicio\/\",\"name\":\"\",\"description\":\"LPF Paran\u00e1\",\"potentialAction\":[{\"@type\":\"SearchAction\",\"target\":{\"@type\":\"EntryPoint\",\"urlTemplate\":\"https:\/\/lpfparana.com.ar\/inicio\/?s={search_term_string}\"},\"query-input\":{\"@type\":\"PropertyValueSpecification\",\"valueRequired\":true,\"valueName\":\"search_term_string\"}}],\"inLanguage\":\"es\"},{\"@type\":\"Person\",\"@id\":\"https:\/\/lpfparana.com.ar\/inicio\/#\/schema\/person\/429ffc0684b3fc8322b5ef17d4f118e7\",\"name\":\"LPF\",\"image\":{\"@type\":\"ImageObject\",\"inLanguage\":\"es\",\"@id\":\"https:\/\/secure.gravatar.com\/avatar\/e220872cd77ddfcb8eff4a1465442eec419905dfc59e57039bf520c26caccc60?s=96&d=mm&r=g\",\"url\":\"https:\/\/secure.gravatar.com\/avatar\/e220872cd77ddfcb8eff4a1465442eec419905dfc59e57039bf520c26caccc60?s=96&d=mm&r=g\",\"contentUrl\":\"https:\/\/secure.gravatar.com\/avatar\/e220872cd77ddfcb8eff4a1465442eec419905dfc59e57039bf520c26caccc60?s=96&d=mm&r=g\",\"caption\":\"LPF\"},\"url\":\"https:\/\/lpfparana.com.ar\/inicio\/author\/c2031807\/\"}]}<\/script>\n<!-- \/ Yoast SEO Premium plugin. -->","yoast_head_json":{"title":"San Benito y la cuenta regresiva para su sue\u00f1o en la Copa Federal -","robots":{"index":"index","follow":"follow","max-snippet":"max-snippet:-1","max-image-preview":"max-image-preview:large","max-video-preview":"max-video-preview:-1"},"canonical":"https:\/\/lpfparana.com.ar\/inicio\/san-benito-y-la-cuenta-regresiva-para-su-sueno-en-la-copa-federal\/","og_locale":"es_ES","og_type":"article","og_title":"San Benito y la cuenta regresiva para su sue\u00f1o en la Copa Federal","og_description":"El equipo femenino de Social y Deportivo San Benito iniciar\u00e1 durante el fin de semana del 15 y 16 de julio su periplo por la etapa Clasificatoria (Regi\u00f3n Litoral) de la Copa Federal. El objetivo del elenco que dirige Juan Pablo Giannecchine ser\u00e1 ganar la zona entrerriana para meterse en la definici\u00f3n final que tendr\u00e1...","og_url":"https:\/\/lpfparana.com.ar\/inicio\/san-benito-y-la-cuenta-regresiva-para-su-sueno-en-la-copa-federal\/","article_published_time":"2023-06-29T16:33:42+00:00","og_image":[{"width":2560,"height":1609,"url":"https:\/\/lpfparana.com.ar\/inicio\/wp-content\/uploads\/2023\/06\/sanbe-scaled-1.jpg","type":"image\/jpeg"}],"author":"LPF","twitter_card":"summary_large_image","twitter_misc":{"Escrito por":"LPF","Tiempo de lectura":"2 minutos"},"schema":{"@context":"https:\/\/schema.org","@graph":[{"@type":"Article","@id":"https:\/\/lpfparana.com.ar\/inicio\/san-benito-y-la-cuenta-regresiva-para-su-sueno-en-la-copa-federal\/#article","isPartOf":{"@id":"https:\/\/lpfparana.com.ar\/inicio\/san-benito-y-la-cuenta-regresiva-para-su-sueno-en-la-copa-federal\/"},"author":{"name":"LPF","@id":"https:\/\/lpfparana.com.ar\/inicio\/#\/schema\/person\/429ffc0684b3fc8322b5ef17d4f118e7"},"headline":"San Benito y la cuenta regresiva para su sue\u00f1o en la Copa Federal","datePublished":"2023-06-29T16:33:42+00:00","mainEntityOfPage":{"@id":"https:\/\/lpfparana.com.ar\/inicio\/san-benito-y-la-cuenta-regresiva-para-su-sueno-en-la-copa-federal\/"},"wordCount":437,"commentCount":0,"image":{"@id":"https:\/\/lpfparana.com.ar\/inicio\/san-benito-y-la-cuenta-regresiva-para-su-sueno-en-la-copa-federal\/#primaryimage"},"thumbnailUrl":"https:\/\/lpfparana.com.ar\/inicio\/wp-content\/uploads\/2023\/06\/sanbe-scaled-1.jpg","articleSection":["Femenino","Noticias"],"inLanguage":"es","potentialAction":[{"@type":"CommentAction","name":"Comment","target":["https:\/\/lpfparana.com.ar\/inicio\/san-benito-y-la-cuenta-regresiva-para-su-sueno-en-la-copa-federal\/#respond"]}]},{"@type":"WebPage","@id":"https:\/\/lpfparana.com.ar\/inicio\/san-benito-y-la-cuenta-regresiva-para-su-sueno-en-la-copa-federal\/","url":"https:\/\/lpfparana.com.ar\/inicio\/san-benito-y-la-cuenta-regresiva-para-su-sueno-en-la-copa-federal\/","name":"San Benito y la cuenta regresiva para su sue\u00f1o en la Copa Federal -","isPartOf":{"@id":"https:\/\/lpfparana.com.ar\/inicio\/#website"},"primaryImageOfPage":{"@id":"https:\/\/lpfparana.com.ar\/inicio\/san-benito-y-la-cuenta-regresiva-para-su-sueno-en-la-copa-federal\/#primaryimage"},"image":{"@id":"https:\/\/lpfparana.com.ar\/inicio\/san-benito-y-la-cuenta-regresiva-para-su-sueno-en-la-copa-federal\/#primaryimage"},"thumbnailUrl":"https:\/\/lpfparana.com.ar\/inicio\/wp-content\/uploads\/2023\/06\/sanbe-scaled-1.jpg","datePublished":"2023-06-29T16:33:42+00:00","author":{"@id":"https:\/\/lpfparana.com.ar\/inicio\/#\/schema\/person\/429ffc0684b3fc8322b5ef17d4f118e7"},"breadcrumb":{"@id":"https:\/\/lpfparana.com.ar\/inicio\/san-benito-y-la-cuenta-regresiva-para-su-sueno-en-la-copa-federal\/#breadcrumb"},"inLanguage":"es","potentialAction":[{"@type":"ReadAction","target":["https:\/\/lpfparana.com.ar\/inicio\/san-benito-y-la-cuenta-regresiva-para-su-sueno-en-la-copa-federal\/"]}]},{"@type":"ImageObject","inLanguage":"es","@id":"https:\/\/lpfparana.com.ar\/inicio\/san-benito-y-la-cuenta-regresiva-para-su-sueno-en-la-copa-federal\/#primaryimage","url":"https:\/\/lpfparana.com.ar\/inicio\/wp-content\/uploads\/2023\/06\/sanbe-scaled-1.jpg","contentUrl":"https:\/\/lpfparana.com.ar\/inicio\/wp-content\/uploads\/2023\/06\/sanbe-scaled-1.jpg","width":2560,"height":1609},{"@type":"BreadcrumbList","@id":"https:\/\/lpfparana.com.ar\/inicio\/san-benito-y-la-cuenta-regresiva-para-su-sueno-en-la-copa-federal\/#breadcrumb","itemListElement":[{"@type":"ListItem","position":1,"name":"Portada","item":"https:\/\/lpfparana.com.ar\/inicio\/"},{"@type":"ListItem","position":2,"name":"San Benito y la cuenta regresiva para su sue\u00f1o en la Copa Federal"}]},{"@type":"WebSite","@id":"https:\/\/lpfparana.com.ar\/inicio\/#website","url":"https:\/\/lpfparana.com.ar\/inicio\/","name":"","description":"LPF Paran\u00e1","potentialAction":[{"@type":"SearchAction","target":{"@type":"EntryPoint","urlTemplate":"https:\/\/lpfparana.com.ar\/inicio\/?s={search_term_string}"},"query-input":{"@type":"PropertyValueSpecification","valueRequired":true,"valueName":"search_term_string"}}],"inLanguage":"es"},{"@type":"Person","@id":"https:\/\/lpfparana.com.ar\/inicio\/#\/schema\/person\/429ffc0684b3fc8322b5ef17d4f118e7","name":"LPF","image":{"@type":"ImageObject","inLanguage":"es","@id":"https:\/\/secure.gravatar.com\/avatar\/e220872cd77ddfcb8eff4a1465442eec419905dfc59e57039bf520c26caccc60?s=96&d=mm&r=g","url":"https:\/\/secure.gravatar.com\/avatar\/e220872cd77ddfcb8eff4a1465442eec419905dfc59e57039bf520c26caccc60?s=96&d=mm&r=g","contentUrl":"https:\/\/secure.gravatar.com\/avatar\/e220872cd77ddfcb8eff4a1465442eec419905dfc59e57039bf520c26caccc60?s=96&d=mm&r=g","caption":"LPF"},"url":"https:\/\/lpfparana.com.ar\/inicio\/author\/c2031807\/"}]}},"_links":{"self":[{"href":"https:\/\/lpfparana.com.ar\/inicio\/wp-json\/wp\/v2\/posts\/1436","targetHints":{"allow":["GET"]}}],"collection":[{"href":"https:\/\/lpfparana.com.ar\/inicio\/wp-json\/wp\/v2\/posts"}],"about":[{"href":"https:\/\/lpfparana.com.ar\/inicio\/wp-json\/wp\/v2\/types\/post"}],"author":[{"embeddable":true,"href":"https:\/\/lpfparana.com.ar\/inicio\/wp-json\/wp\/v2\/users\/2"}],"replies":[{"embeddable":true,"href":"https:\/\/lpfparana.com.ar\/inicio\/wp-json\/wp\/v2\/comments?post=1436"}],"version-history":[{"count":0,"href":"https:\/\/lpfparana.com.ar\/inicio\/wp-json\/wp\/v2\/posts\/1436\/revisions"}],"wp:featuredmedia":[{"embeddable":true,"href":"https:\/\/lpfparana.com.ar\/inicio\/wp-json\/wp\/v2\/media\/1437"}],"wp:attachment":[{"href":"https:\/\/lpfparana.com.ar\/inicio\/wp-json\/wp\/v2\/media?parent=1436"}],"wp:term":[{"taxonomy":"category","embeddable":true,"href":"https:\/\/lpfparana.com.ar\/inicio\/wp-json\/wp\/v2\/categories?post=1436"},{"taxonomy":"post_tag","embeddable":true,"href":"https:\/\/lpfparana.com.ar\/inicio\/wp-json\/wp\/v2\/tags?post=1436"}],"curies":[{"name":"wp","href":"https:\/\/api.w.org\/{rel}","templated":true}]}}