{"id":1372,"date":"2023-06-16T20:44:27","date_gmt":"2023-06-16T23:44:27","guid":{"rendered":"http:\/\/lpfparana.com.ar\/?p=1372"},"modified":"2023-06-16T20:44:27","modified_gmt":"2023-06-16T23:44:27","slug":"parana-no-jugara-ante-rosario-y-clasifico-al-nacional-de-futbol-playa","status":"publish","type":"post","link":"https:\/\/lpfparana.com.ar\/inicio\/parana-no-jugara-ante-rosario-y-clasifico-al-nacional-de-futbol-playa\/","title":{"rendered":"Paran\u00e1 no jugar\u00e1 ante Rosario y clasific\u00f3 al Nacional de F\u00fatbol Playa"},"content":{"rendered":"\n<p>A \u00faltima hora de esta tarde, el Consejo Federal de la AFA, suspendi\u00f3 el partido clasificatorio para el Nacional de F\u00fatbol Playa Masculino, que deb\u00edan jugar este s\u00e1bado 17 los elencos de Asociaci\u00f3n Rosarina y Liga Paranaense de F\u00fatbol. <\/p>\n\n\n\n<p>El motivo fue que San Luis se baj\u00f3 del certamen quedando seis elencos clasificados. Para conformar las dos zonas de 8 elencos para el Nacional, se decidi\u00f3 que los dos cupos los completen Rosario y Paran\u00e1. <\/p>\n\n\n\n<p>Por lo tanto el elenco de Juan Comas, que ven\u00eda entrenando en el Balneario Thompson, no viajar\u00e1 este s\u00e1bado a Rosario y s\u00ed lo har\u00e1 el 24 de junio para iniciar la disputa del Nacional que tendr\u00e1 lugar en el predio que la AFA posee en Ezeiza. <\/p>\n","protected":false},"excerpt":{"rendered":"<p>A \u00faltima hora de esta tarde, el Consejo Federal de la AFA, suspendi\u00f3 el partido clasificatorio para el Nacional de F\u00fatbol Playa Masculino, que deb\u00edan jugar este s\u00e1bado 17 los elencos de Asociaci\u00f3n Rosarina y Liga Paranaense de F\u00fatbol. El motivo fue que San Luis se baj\u00f3 del certamen quedando seis elencos clasificados. Para conformar&#8230;<\/p>\n","protected":false},"author":2,"featured_media":1373,"comment_status":"open","ping_status":"open","sticky":false,"template":"","format":"standard","meta":{"footnotes":""},"categories":[2],"tags":[],"class_list":["post-1372","post","type-post","status-publish","format-standard","has-post-thumbnail","hentry","category-noticias"],"featured_image_src":"https:\/\/lpfparana.com.ar\/inicio\/wp-content\/uploads\/2023\/06\/comas4.jpg","author_info":{"display_name":"LPF","author_link":"https:\/\/lpfparana.com.ar\/inicio\/author\/c2031807\/"},"yoast_head":"<!-- This site is optimized with the Yoast SEO Premium plugin v23.3 (Yoast SEO v27.2) - https:\/\/yoast.com\/product\/yoast-seo-premium-wordpress\/ -->\n<title>Paran\u00e1 no jugar\u00e1 ante Rosario y clasific\u00f3 al Nacional de F\u00fatbol Playa -<\/title>\n<meta name=\"robots\" content=\"index, follow, max-snippet:-1, max-image-preview:large, max-video-preview:-1\" \/>\n<link rel=\"canonical\" href=\"https:\/\/lpfparana.com.ar\/inicio\/parana-no-jugara-ante-rosario-y-clasifico-al-nacional-de-futbol-playa\/\" \/>\n<meta property=\"og:locale\" content=\"es_ES\" \/>\n<meta property=\"og:type\" content=\"article\" \/>\n<meta property=\"og:title\" content=\"Paran\u00e1 no jugar\u00e1 ante Rosario y clasific\u00f3 al Nacional de F\u00fatbol Playa\" \/>\n<meta property=\"og:description\" content=\"A \u00faltima hora de esta tarde, el Consejo Federal de la AFA, suspendi\u00f3 el partido clasificatorio para el Nacional de F\u00fatbol Playa Masculino, que deb\u00edan jugar este s\u00e1bado 17 los elencos de Asociaci\u00f3n Rosarina y Liga Paranaense de F\u00fatbol. El motivo fue que San Luis se baj\u00f3 del certamen quedando seis elencos clasificados. Para conformar...\" \/>\n<meta property=\"og:url\" content=\"https:\/\/lpfparana.com.ar\/inicio\/parana-no-jugara-ante-rosario-y-clasifico-al-nacional-de-futbol-playa\/\" \/>\n<meta property=\"article:published_time\" content=\"2023-06-16T23:44:27+00:00\" \/>\n<meta property=\"og:image\" content=\"https:\/\/lpfparana.com.ar\/inicio\/wp-content\/uploads\/2023\/06\/comas4.jpg\" \/>\n\t<meta property=\"og:image:width\" content=\"650\" \/>\n\t<meta property=\"og:image:height\" content=\"487\" \/>\n\t<meta property=\"og:image:type\" content=\"image\/jpeg\" \/>\n<meta name=\"author\" content=\"LPF\" \/>\n<meta name=\"twitter:card\" content=\"summary_large_image\" \/>\n<meta name=\"twitter:label1\" content=\"Escrito por\" \/>\n\t<meta name=\"twitter:data1\" content=\"LPF\" \/>\n\t<meta name=\"twitter:label2\" content=\"Tiempo de lectura\" \/>\n\t<meta name=\"twitter:data2\" content=\"1 minuto\" \/>\n<script type=\"application\/ld+json\" class=\"yoast-schema-graph\">{\"@context\":\"https:\/\/schema.org\",\"@graph\":[{\"@type\":\"Article\",\"@id\":\"https:\/\/lpfparana.com.ar\/inicio\/parana-no-jugara-ante-rosario-y-clasifico-al-nacional-de-futbol-playa\/#article\",\"isPartOf\":{\"@id\":\"https:\/\/lpfparana.com.ar\/inicio\/parana-no-jugara-ante-rosario-y-clasifico-al-nacional-de-futbol-playa\/\"},\"author\":{\"name\":\"LPF\",\"@id\":\"https:\/\/lpfparana.com.ar\/inicio\/#\/schema\/person\/429ffc0684b3fc8322b5ef17d4f118e7\"},\"headline\":\"Paran\u00e1 no jugar\u00e1 ante Rosario y clasific\u00f3 al Nacional de F\u00fatbol Playa\",\"datePublished\":\"2023-06-16T23:44:27+00:00\",\"mainEntityOfPage\":{\"@id\":\"https:\/\/lpfparana.com.ar\/inicio\/parana-no-jugara-ante-rosario-y-clasifico-al-nacional-de-futbol-playa\/\"},\"wordCount\":139,\"commentCount\":0,\"image\":{\"@id\":\"https:\/\/lpfparana.com.ar\/inicio\/parana-no-jugara-ante-rosario-y-clasifico-al-nacional-de-futbol-playa\/#primaryimage\"},\"thumbnailUrl\":\"https:\/\/lpfparana.com.ar\/inicio\/wp-content\/uploads\/2023\/06\/comas4.jpg\",\"articleSection\":[\"Noticias\"],\"inLanguage\":\"es\",\"potentialAction\":[{\"@type\":\"CommentAction\",\"name\":\"Comment\",\"target\":[\"https:\/\/lpfparana.com.ar\/inicio\/parana-no-jugara-ante-rosario-y-clasifico-al-nacional-de-futbol-playa\/#respond\"]}]},{\"@type\":\"WebPage\",\"@id\":\"https:\/\/lpfparana.com.ar\/inicio\/parana-no-jugara-ante-rosario-y-clasifico-al-nacional-de-futbol-playa\/\",\"url\":\"https:\/\/lpfparana.com.ar\/inicio\/parana-no-jugara-ante-rosario-y-clasifico-al-nacional-de-futbol-playa\/\",\"name\":\"Paran\u00e1 no jugar\u00e1 ante Rosario y clasific\u00f3 al Nacional de F\u00fatbol Playa -\",\"isPartOf\":{\"@id\":\"https:\/\/lpfparana.com.ar\/inicio\/#website\"},\"primaryImageOfPage\":{\"@id\":\"https:\/\/lpfparana.com.ar\/inicio\/parana-no-jugara-ante-rosario-y-clasifico-al-nacional-de-futbol-playa\/#primaryimage\"},\"image\":{\"@id\":\"https:\/\/lpfparana.com.ar\/inicio\/parana-no-jugara-ante-rosario-y-clasifico-al-nacional-de-futbol-playa\/#primaryimage\"},\"thumbnailUrl\":\"https:\/\/lpfparana.com.ar\/inicio\/wp-content\/uploads\/2023\/06\/comas4.jpg\",\"datePublished\":\"2023-06-16T23:44:27+00:00\",\"author\":{\"@id\":\"https:\/\/lpfparana.com.ar\/inicio\/#\/schema\/person\/429ffc0684b3fc8322b5ef17d4f118e7\"},\"breadcrumb\":{\"@id\":\"https:\/\/lpfparana.com.ar\/inicio\/parana-no-jugara-ante-rosario-y-clasifico-al-nacional-de-futbol-playa\/#breadcrumb\"},\"inLanguage\":\"es\",\"potentialAction\":[{\"@type\":\"ReadAction\",\"target\":[\"https:\/\/lpfparana.com.ar\/inicio\/parana-no-jugara-ante-rosario-y-clasifico-al-nacional-de-futbol-playa\/\"]}]},{\"@type\":\"ImageObject\",\"inLanguage\":\"es\",\"@id\":\"https:\/\/lpfparana.com.ar\/inicio\/parana-no-jugara-ante-rosario-y-clasifico-al-nacional-de-futbol-playa\/#primaryimage\",\"url\":\"https:\/\/lpfparana.com.ar\/inicio\/wp-content\/uploads\/2023\/06\/comas4.jpg\",\"contentUrl\":\"https:\/\/lpfparana.com.ar\/inicio\/wp-content\/uploads\/2023\/06\/comas4.jpg\",\"width\":650,\"height\":487},{\"@type\":\"BreadcrumbList\",\"@id\":\"https:\/\/lpfparana.com.ar\/inicio\/parana-no-jugara-ante-rosario-y-clasifico-al-nacional-de-futbol-playa\/#breadcrumb\",\"itemListElement\":[{\"@type\":\"ListItem\",\"position\":1,\"name\":\"Portada\",\"item\":\"https:\/\/lpfparana.com.ar\/inicio\/\"},{\"@type\":\"ListItem\",\"position\":2,\"name\":\"Paran\u00e1 no jugar\u00e1 ante Rosario y clasific\u00f3 al Nacional de F\u00fatbol Playa\"}]},{\"@type\":\"WebSite\",\"@id\":\"https:\/\/lpfparana.com.ar\/inicio\/#website\",\"url\":\"https:\/\/lpfparana.com.ar\/inicio\/\",\"name\":\"\",\"description\":\"LPF Paran\u00e1\",\"potentialAction\":[{\"@type\":\"SearchAction\",\"target\":{\"@type\":\"EntryPoint\",\"urlTemplate\":\"https:\/\/lpfparana.com.ar\/inicio\/?s={search_term_string}\"},\"query-input\":{\"@type\":\"PropertyValueSpecification\",\"valueRequired\":true,\"valueName\":\"search_term_string\"}}],\"inLanguage\":\"es\"},{\"@type\":\"Person\",\"@id\":\"https:\/\/lpfparana.com.ar\/inicio\/#\/schema\/person\/429ffc0684b3fc8322b5ef17d4f118e7\",\"name\":\"LPF\",\"image\":{\"@type\":\"ImageObject\",\"inLanguage\":\"es\",\"@id\":\"https:\/\/secure.gravatar.com\/avatar\/e220872cd77ddfcb8eff4a1465442eec419905dfc59e57039bf520c26caccc60?s=96&d=mm&r=g\",\"url\":\"https:\/\/secure.gravatar.com\/avatar\/e220872cd77ddfcb8eff4a1465442eec419905dfc59e57039bf520c26caccc60?s=96&d=mm&r=g\",\"contentUrl\":\"https:\/\/secure.gravatar.com\/avatar\/e220872cd77ddfcb8eff4a1465442eec419905dfc59e57039bf520c26caccc60?s=96&d=mm&r=g\",\"caption\":\"LPF\"},\"url\":\"https:\/\/lpfparana.com.ar\/inicio\/author\/c2031807\/\"}]}<\/script>\n<!-- \/ Yoast SEO Premium plugin. -->","yoast_head_json":{"title":"Paran\u00e1 no jugar\u00e1 ante Rosario y clasific\u00f3 al Nacional de F\u00fatbol Playa -","robots":{"index":"index","follow":"follow","max-snippet":"max-snippet:-1","max-image-preview":"max-image-preview:large","max-video-preview":"max-video-preview:-1"},"canonical":"https:\/\/lpfparana.com.ar\/inicio\/parana-no-jugara-ante-rosario-y-clasifico-al-nacional-de-futbol-playa\/","og_locale":"es_ES","og_type":"article","og_title":"Paran\u00e1 no jugar\u00e1 ante Rosario y clasific\u00f3 al Nacional de F\u00fatbol Playa","og_description":"A \u00faltima hora de esta tarde, el Consejo Federal de la AFA, suspendi\u00f3 el partido clasificatorio para el Nacional de F\u00fatbol Playa Masculino, que deb\u00edan jugar este s\u00e1bado 17 los elencos de Asociaci\u00f3n Rosarina y Liga Paranaense de F\u00fatbol. El motivo fue que San Luis se baj\u00f3 del certamen quedando seis elencos clasificados. Para conformar...","og_url":"https:\/\/lpfparana.com.ar\/inicio\/parana-no-jugara-ante-rosario-y-clasifico-al-nacional-de-futbol-playa\/","article_published_time":"2023-06-16T23:44:27+00:00","og_image":[{"width":650,"height":487,"url":"https:\/\/lpfparana.com.ar\/inicio\/wp-content\/uploads\/2023\/06\/comas4.jpg","type":"image\/jpeg"}],"author":"LPF","twitter_card":"summary_large_image","twitter_misc":{"Escrito por":"LPF","Tiempo de lectura":"1 minuto"},"schema":{"@context":"https:\/\/schema.org","@graph":[{"@type":"Article","@id":"https:\/\/lpfparana.com.ar\/inicio\/parana-no-jugara-ante-rosario-y-clasifico-al-nacional-de-futbol-playa\/#article","isPartOf":{"@id":"https:\/\/lpfparana.com.ar\/inicio\/parana-no-jugara-ante-rosario-y-clasifico-al-nacional-de-futbol-playa\/"},"author":{"name":"LPF","@id":"https:\/\/lpfparana.com.ar\/inicio\/#\/schema\/person\/429ffc0684b3fc8322b5ef17d4f118e7"},"headline":"Paran\u00e1 no jugar\u00e1 ante Rosario y clasific\u00f3 al Nacional de F\u00fatbol Playa","datePublished":"2023-06-16T23:44:27+00:00","mainEntityOfPage":{"@id":"https:\/\/lpfparana.com.ar\/inicio\/parana-no-jugara-ante-rosario-y-clasifico-al-nacional-de-futbol-playa\/"},"wordCount":139,"commentCount":0,"image":{"@id":"https:\/\/lpfparana.com.ar\/inicio\/parana-no-jugara-ante-rosario-y-clasifico-al-nacional-de-futbol-playa\/#primaryimage"},"thumbnailUrl":"https:\/\/lpfparana.com.ar\/inicio\/wp-content\/uploads\/2023\/06\/comas4.jpg","articleSection":["Noticias"],"inLanguage":"es","potentialAction":[{"@type":"CommentAction","name":"Comment","target":["https:\/\/lpfparana.com.ar\/inicio\/parana-no-jugara-ante-rosario-y-clasifico-al-nacional-de-futbol-playa\/#respond"]}]},{"@type":"WebPage","@id":"https:\/\/lpfparana.com.ar\/inicio\/parana-no-jugara-ante-rosario-y-clasifico-al-nacional-de-futbol-playa\/","url":"https:\/\/lpfparana.com.ar\/inicio\/parana-no-jugara-ante-rosario-y-clasifico-al-nacional-de-futbol-playa\/","name":"Paran\u00e1 no jugar\u00e1 ante Rosario y clasific\u00f3 al Nacional de F\u00fatbol Playa -","isPartOf":{"@id":"https:\/\/lpfparana.com.ar\/inicio\/#website"},"primaryImageOfPage":{"@id":"https:\/\/lpfparana.com.ar\/inicio\/parana-no-jugara-ante-rosario-y-clasifico-al-nacional-de-futbol-playa\/#primaryimage"},"image":{"@id":"https:\/\/lpfparana.com.ar\/inicio\/parana-no-jugara-ante-rosario-y-clasifico-al-nacional-de-futbol-playa\/#primaryimage"},"thumbnailUrl":"https:\/\/lpfparana.com.ar\/inicio\/wp-content\/uploads\/2023\/06\/comas4.jpg","datePublished":"2023-06-16T23:44:27+00:00","author":{"@id":"https:\/\/lpfparana.com.ar\/inicio\/#\/schema\/person\/429ffc0684b3fc8322b5ef17d4f118e7"},"breadcrumb":{"@id":"https:\/\/lpfparana.com.ar\/inicio\/parana-no-jugara-ante-rosario-y-clasifico-al-nacional-de-futbol-playa\/#breadcrumb"},"inLanguage":"es","potentialAction":[{"@type":"ReadAction","target":["https:\/\/lpfparana.com.ar\/inicio\/parana-no-jugara-ante-rosario-y-clasifico-al-nacional-de-futbol-playa\/"]}]},{"@type":"ImageObject","inLanguage":"es","@id":"https:\/\/lpfparana.com.ar\/inicio\/parana-no-jugara-ante-rosario-y-clasifico-al-nacional-de-futbol-playa\/#primaryimage","url":"https:\/\/lpfparana.com.ar\/inicio\/wp-content\/uploads\/2023\/06\/comas4.jpg","contentUrl":"https:\/\/lpfparana.com.ar\/inicio\/wp-content\/uploads\/2023\/06\/comas4.jpg","width":650,"height":487},{"@type":"BreadcrumbList","@id":"https:\/\/lpfparana.com.ar\/inicio\/parana-no-jugara-ante-rosario-y-clasifico-al-nacional-de-futbol-playa\/#breadcrumb","itemListElement":[{"@type":"ListItem","position":1,"name":"Portada","item":"https:\/\/lpfparana.com.ar\/inicio\/"},{"@type":"ListItem","position":2,"name":"Paran\u00e1 no jugar\u00e1 ante Rosario y clasific\u00f3 al Nacional de F\u00fatbol Playa"}]},{"@type":"WebSite","@id":"https:\/\/lpfparana.com.ar\/inicio\/#website","url":"https:\/\/lpfparana.com.ar\/inicio\/","name":"","description":"LPF Paran\u00e1","potentialAction":[{"@type":"SearchAction","target":{"@type":"EntryPoint","urlTemplate":"https:\/\/lpfparana.com.ar\/inicio\/?s={search_term_string}"},"query-input":{"@type":"PropertyValueSpecification","valueRequired":true,"valueName":"search_term_string"}}],"inLanguage":"es"},{"@type":"Person","@id":"https:\/\/lpfparana.com.ar\/inicio\/#\/schema\/person\/429ffc0684b3fc8322b5ef17d4f118e7","name":"LPF","image":{"@type":"ImageObject","inLanguage":"es","@id":"https:\/\/secure.gravatar.com\/avatar\/e220872cd77ddfcb8eff4a1465442eec419905dfc59e57039bf520c26caccc60?s=96&d=mm&r=g","url":"https:\/\/secure.gravatar.com\/avatar\/e220872cd77ddfcb8eff4a1465442eec419905dfc59e57039bf520c26caccc60?s=96&d=mm&r=g","contentUrl":"https:\/\/secure.gravatar.com\/avatar\/e220872cd77ddfcb8eff4a1465442eec419905dfc59e57039bf520c26caccc60?s=96&d=mm&r=g","caption":"LPF"},"url":"https:\/\/lpfparana.com.ar\/inicio\/author\/c2031807\/"}]}},"_links":{"self":[{"href":"https:\/\/lpfparana.com.ar\/inicio\/wp-json\/wp\/v2\/posts\/1372","targetHints":{"allow":["GET"]}}],"collection":[{"href":"https:\/\/lpfparana.com.ar\/inicio\/wp-json\/wp\/v2\/posts"}],"about":[{"href":"https:\/\/lpfparana.com.ar\/inicio\/wp-json\/wp\/v2\/types\/post"}],"author":[{"embeddable":true,"href":"https:\/\/lpfparana.com.ar\/inicio\/wp-json\/wp\/v2\/users\/2"}],"replies":[{"embeddable":true,"href":"https:\/\/lpfparana.com.ar\/inicio\/wp-json\/wp\/v2\/comments?post=1372"}],"version-history":[{"count":0,"href":"https:\/\/lpfparana.com.ar\/inicio\/wp-json\/wp\/v2\/posts\/1372\/revisions"}],"wp:featuredmedia":[{"embeddable":true,"href":"https:\/\/lpfparana.com.ar\/inicio\/wp-json\/wp\/v2\/media\/1373"}],"wp:attachment":[{"href":"https:\/\/lpfparana.com.ar\/inicio\/wp-json\/wp\/v2\/media?parent=1372"}],"wp:term":[{"taxonomy":"category","embeddable":true,"href":"https:\/\/lpfparana.com.ar\/inicio\/wp-json\/wp\/v2\/categories?post=1372"},{"taxonomy":"post_tag","embeddable":true,"href":"https:\/\/lpfparana.com.ar\/inicio\/wp-json\/wp\/v2\/tags?post=1372"}],"curies":[{"name":"wp","href":"https:\/\/api.w.org\/{rel}","templated":true}]}}