{"id":10772,"date":"2026-09-03T16:28:35","date_gmt":"2026-09-03T19:28:35","guid":{"rendered":"https:\/\/lpfparana.com.ar\/inicio\/?p=10772"},"modified":"2026-09-03T16:28:38","modified_gmt":"2026-09-03T19:28:38","slug":"parana-recibe-el-torneo-provincial-de-la-categoria-2012","status":"publish","type":"post","link":"http:\/\/lpfparana.com.ar\/inicio\/parana-recibe-el-torneo-provincial-de-la-categoria-2012\/","title":{"rendered":"Paran\u00e1 recibe el Torneo Provincial de la Categor\u00eda 2012"},"content":{"rendered":"\n<p class=\"wp-block-paragraph\"><strong>El predio de la Liga Paranaense de F\u00fatbol y el complejo \u201cOscar Chapino\u201d ser\u00e1n escenario de un fin de semana a puro f\u00fatbol infantil, con la participaci\u00f3n de 48 equipos de distintos puntos de Entre R\u00edos.<\/strong><\/p>\n\n\n\n<p class=\"wp-block-paragraph\">Paran\u00e1 se prepara para vivir una nueva fiesta del f\u00fatbol infantojuvenil entrerriano. Este fin de semana, la capital provincial ser\u00e1 sede de una nueva fecha del calendario de <strong>Torneos Provinciales de la Federaci\u00f3n Entrerriana de F\u00fatbol (FEF)<\/strong>, en esta oportunidad destinada a la <strong>Categor\u00eda 2012<\/strong>.<\/p>\n\n\n\n<p class=\"wp-block-paragraph\">Durante tres jornadas, <strong>48 equipos representantes de diferentes ligas de la provincia<\/strong> llegar\u00e1n a Paran\u00e1 para disputar un certamen que tendr\u00e1 al f\u00fatbol como protagonista, pero que tambi\u00e9n buscar\u00e1 fortalecer los valores de compa\u00f1erismo, convivencia y respeto entre los j\u00f3venes futbolistas.<\/p>\n\n\n\n<p class=\"wp-block-paragraph\">El torneo ser\u00e1 organizado conjuntamente por la <strong>Federaci\u00f3n Entrerriana de F\u00fatbol y la Liga Paranaense de F\u00fatbol<\/strong>, y tendr\u00e1 como escenarios el <strong>predio de la Liga Paranaense y el complejo \u201cOscar Chapino\u201d<\/strong>, donde se desarrollar\u00e1n los encuentros correspondientes a las distintas instancias de la competencia.<\/p>\n\n\n\n<h2 id=\"h-las-zonas-de-la-fase-clasificatoria\" class=\"wp-block-heading\">Las zonas de la fase clasificatoria<\/h2>\n\n\n\n<p class=\"wp-block-paragraph\">Los 48 equipos participantes estar\u00e1n distribuidos en <strong>12 zonas de cuatro integrantes<\/strong>, que disputar\u00e1n la primera etapa del certamen.<\/p>\n\n\n\n<p class=\"wp-block-paragraph\"><strong>Zona 1:<\/strong> Naranjitos (Paran\u00e1) \u2013 Cultural (Crespo) \u2013 Central Larroque \u2013 Social y Deportivo Achirense.<\/p>\n\n\n\n<p class=\"wp-block-paragraph\"><strong>Zona 2:<\/strong> Asociaci\u00f3n River (Paran\u00e1) \u2013 Sportivo Urquiza (Paran\u00e1) \u2013 Asociaci\u00f3n Maradona (Mar\u00eda Grande) \u2013 Gimnasia (CdU).<\/p>\n\n\n\n<p class=\"wp-block-paragraph\"><strong>Zona 3:<\/strong> Los Toritos (Paran\u00e1) \u2013 San Mart\u00edn (Diamante) \u2013 Juventud Urdinarrain \u2013 Los Teros (Feliciano).<\/p>\n\n\n\n<p class=\"wp-block-paragraph\"><strong>Zona 4:<\/strong> Belgrano (Paran\u00e1) \u2013 Palermo (Paran\u00e1) \u2013 Cultural Aranguren \u2013 Central Entrerriano (Gualeguaych\u00fa).<\/p>\n\n\n\n<p class=\"wp-block-paragraph\"><strong>Zona 5:<\/strong> Universitario (Paran\u00e1) \u2013 Roma (Ram\u00edrez) \u2013 San Lorenzo (Concordia) \u2013 Campito (Col\u00f3n).<\/p>\n\n\n\n<p class=\"wp-block-paragraph\"><strong>Zona 6:<\/strong> Filial River (Paran\u00e1) \u2013 Atl\u00e9tico Oro Verde \u2013 25 de Mayo (Victoria) \u2013 Deportivo San Jos\u00e9.<\/p>\n\n\n\n<p class=\"wp-block-paragraph\"><strong>Zona 7:<\/strong> Atl\u00e9tico Paran\u00e1 \u2013 Bancario (Gualeguay) \u2013 Real Concordia \u2013 Juventud Unida (Gualeguaych\u00fa).<\/p>\n\n\n\n<p class=\"wp-block-paragraph\"><strong>Zona 8:<\/strong> Neuqu\u00e9n (Paran\u00e1) \u2013 Libertad (Gualeguay) \u2013 Almagro (CdU) \u2013 V\u00e9lez Sarsfield (Chajar\u00ed).<\/p>\n\n\n\n<p class=\"wp-block-paragraph\"><strong>Zona 9:<\/strong> Escuela River (Paran\u00e1) \u2013 Mart\u00edn Fierro (Maci\u00e1) \u2013 Defensores de Pronunciamiento \u2013 Tiro Federal (Chajar\u00ed).<\/p>\n\n\n\n<p class=\"wp-block-paragraph\"><strong>Zona 10:<\/strong> Social San Benito \u2013 Ramsar Juniors (Basavilbaso) \u2013 Hurac\u00e1n (Gualeguaych\u00fa) \u2013 Deportivo Ubajay.<\/p>\n\n\n\n<p class=\"wp-block-paragraph\"><strong>Zona 11:<\/strong> Don Bosco (Paran\u00e1) \u2013 Deportivo Pe\u00f1arol (Basavilbaso) \u2013 Black River (Gualeguaych\u00fa) \u2013 Athletic Club (Concordia).<\/p>\n\n\n\n<p class=\"wp-block-paragraph\"><strong>Zona 12:<\/strong> Instituto (Paran\u00e1) \u2013 Formaci\u00f3n Independiente (Paran\u00e1) \u2013 1\u00b0 de Mayo (Chajar\u00ed) \u2013 Engranaje (Concepci\u00f3n del Uruguay).<\/p>\n\n\n\n<h2 id=\"h-tres-copas-en-juego\" class=\"wp-block-heading\">Tres copas en juego<\/h2>\n\n\n\n<p class=\"wp-block-paragraph\">La fase clasificatoria ser\u00e1 clave para definir las posiciones de cada grupo y determinar qu\u00e9 equipos avanzar\u00e1n a las diferentes copas de la etapa eliminatoria.<\/p>\n\n\n\n<p class=\"wp-block-paragraph\">&#x1f539; <strong>Copa Entre R\u00edos:<\/strong> estar\u00e1 integrada por los 12 ganadores de zona y los cuatro mejores segundos.<\/p>\n\n\n\n<p class=\"wp-block-paragraph\">&#x1f539; <strong>Copa Federaci\u00f3n:<\/strong> contar\u00e1 con los ocho segundos restantes y los ocho mejores terceros.<\/p>\n\n\n\n<p class=\"wp-block-paragraph\">&#x1f539; <strong>Copa Proyecci\u00f3n:<\/strong> participar\u00e1n los otros cuatro terceros y los 12 equipos que finalicen en el cuarto lugar de sus respectivas zonas.<\/p>\n\n\n\n<p class=\"wp-block-paragraph\">De esta manera, todos los equipos tendr\u00e1n la posibilidad de continuar compitiendo durante el fin de semana, en una propuesta que busca que cada delegaci\u00f3n disfrute de la experiencia deportiva m\u00e1s all\u00e1 de los resultados.<\/p>\n\n\n\n<h3 id=\"h-parana-sede-de-una-nueva-fiesta-del-futbol-infantil\" class=\"wp-block-heading\">Paran\u00e1, sede de una nueva fiesta del f\u00fatbol infantil<\/h3>\n\n\n\n<p class=\"wp-block-paragraph\">Durante tres jornadas, <strong>Paran\u00e1 ser\u00e1 punto de encuentro para chicos, familias y clubes de distintos rincones de Entre R\u00edos<\/strong>, en una nueva edici\u00f3n de los Torneos Provinciales de la Federaci\u00f3n Entrerriana de F\u00fatbol.<\/p>\n\n\n\n<p class=\"wp-block-paragraph\">Con 48 equipos, 12 zonas y tres copas en juego, todo est\u00e1 preparado para que la <strong>Categor\u00eda 2012<\/strong> sea protagonista de un fin de semana cargado de f\u00fatbol, compa\u00f1erismo y grandes experiencias.<\/p>\n\n\n\n<p class=\"wp-block-paragraph\">&#x26bd;&#x1f3c6; <strong>Todo listo. Se viene un gran Provincial en Paran\u00e1.<\/strong><\/p>\n\n\n\n<p class=\"wp-block-paragraph\"><\/p>\n","protected":false},"excerpt":{"rendered":"<p>El predio de la Liga Paranaense de F\u00fatbol y el complejo \u201cOscar Chapino\u201d ser\u00e1n escenario de un fin de semana a puro f\u00fatbol infantil, con la participaci\u00f3n de 48 equipos de distintos puntos de Entre R\u00edos. Paran\u00e1 se prepara para vivir una nueva fiesta del f\u00fatbol infantojuvenil entrerriano. Este fin de semana, la capital provincial&#8230;<\/p>\n","protected":false},"author":8,"featured_media":10773,"comment_status":"open","ping_status":"open","sticky":false,"template":"","format":"standard","meta":{"footnotes":""},"categories":[9,8,2,10],"tags":[308,293],"class_list":["post-10772","post","type-post","status-publish","format-standard","has-post-thumbnail","hentry","category-infanto-juvenil","category-masculino","category-noticias","category-pre-infantiles","tag-federacion-entrerriana-de-futbol","tag-liga-paranaense-de-futbol"],"featured_image_src":"http:\/\/lpfparana.com.ar\/inicio\/wp-content\/uploads\/2026\/09\/IMG-20260903-WA0042-scaled.jpg","author_info":{"display_name":"Uriel Vazquez","author_link":"http:\/\/lpfparana.com.ar\/inicio\/author\/uriel\/"},"yoast_head":"<!-- This site is optimized with the Yoast SEO Premium plugin v27.8 (Yoast SEO v28.3) - https:\/\/yoast.com\/product\/yoast-seo-premium-wordpress\/ -->\n<title>Paran\u00e1 recibe el Torneo Provincial de la Categor\u00eda 2012 -<\/title>\n<meta name=\"description\" content=\"El predio de la Liga Paranaense de F\u00fatbol y el complejo \u201cOscar Chapino\u201d ser\u00e1n escenario de un fin de semana a puro f\u00fatbol infantil, con la participaci\u00f3n de 48 equipos de distintos puntos de Entre R\u00edos.\" \/>\n<meta name=\"robots\" content=\"index, follow, max-snippet:-1, max-image-preview:large, max-video-preview:-1\" \/>\n<link rel=\"canonical\" href=\"https:\/\/lpfparana.com.ar\/inicio\/parana-recibe-el-torneo-provincial-de-la-categoria-2012\/\" \/>\n<meta property=\"og:locale\" content=\"es_ES\" \/>\n<meta property=\"og:type\" content=\"article\" \/>\n<meta property=\"og:title\" content=\"Paran\u00e1 recibe el Torneo Provincial de la Categor\u00eda 2012\" \/>\n<meta property=\"og:description\" content=\"El predio de la Liga Paranaense de F\u00fatbol y el complejo \u201cOscar Chapino\u201d ser\u00e1n escenario de un fin de semana a puro f\u00fatbol infantil, con la participaci\u00f3n de 48 equipos de distintos puntos de Entre R\u00edos.\" \/>\n<meta property=\"og:url\" content=\"https:\/\/lpfparana.com.ar\/inicio\/parana-recibe-el-torneo-provincial-de-la-categoria-2012\/\" \/>\n<meta property=\"article:published_time\" content=\"2026-09-03T19:28:35+00:00\" \/>\n<meta property=\"article:modified_time\" content=\"2026-09-03T19:28:38+00:00\" \/>\n<meta property=\"og:image\" content=\"http:\/\/lpfparana.com.ar\/inicio\/wp-content\/uploads\/2026\/09\/IMG-20260903-WA0042-scaled.jpg\" \/>\n\t<meta property=\"og:image:width\" content=\"2560\" \/>\n\t<meta property=\"og:image:height\" content=\"1440\" \/>\n\t<meta property=\"og:image:type\" content=\"image\/jpeg\" \/>\n<meta name=\"author\" content=\"Uriel Vazquez\" \/>\n<meta name=\"twitter:card\" content=\"summary_large_image\" \/>\n<meta name=\"twitter:label1\" content=\"Escrito por\" \/>\n\t<meta name=\"twitter:data1\" content=\"Uriel Vazquez\" \/>\n\t<meta name=\"twitter:label2\" content=\"Tiempo de lectura\" \/>\n\t<meta name=\"twitter:data2\" content=\"3 minutos\" \/>\n<script type=\"application\/ld+json\" class=\"yoast-schema-graph\">{\"@context\":\"https:\\\/\\\/schema.org\",\"@graph\":[{\"@type\":\"Article\",\"@id\":\"https:\\\/\\\/lpfparana.com.ar\\\/inicio\\\/parana-recibe-el-torneo-provincial-de-la-categoria-2012\\\/#article\",\"isPartOf\":{\"@id\":\"https:\\\/\\\/lpfparana.com.ar\\\/inicio\\\/parana-recibe-el-torneo-provincial-de-la-categoria-2012\\\/\"},\"author\":{\"name\":\"Uriel Vazquez\",\"@id\":\"http:\\\/\\\/lpfparana.com.ar\\\/inicio\\\/#\\\/schema\\\/person\\\/07e09b1ab407955db225d5798fbe3c29\"},\"headline\":\"Paran\u00e1 recibe el Torneo Provincial de la Categor\u00eda 2012\",\"datePublished\":\"2026-09-03T19:28:35+00:00\",\"dateModified\":\"2026-09-03T19:28:38+00:00\",\"mainEntityOfPage\":{\"@id\":\"https:\\\/\\\/lpfparana.com.ar\\\/inicio\\\/parana-recibe-el-torneo-provincial-de-la-categoria-2012\\\/\"},\"wordCount\":589,\"commentCount\":0,\"image\":{\"@id\":\"https:\\\/\\\/lpfparana.com.ar\\\/inicio\\\/parana-recibe-el-torneo-provincial-de-la-categoria-2012\\\/#primaryimage\"},\"thumbnailUrl\":\"http:\\\/\\\/lpfparana.com.ar\\\/inicio\\\/wp-content\\\/uploads\\\/2026\\\/09\\\/IMG-20260903-WA0042-scaled.jpg\",\"keywords\":[\"Federaci\u00f3n Entrerriana de F\u00fatbol\",\"Liga Paranaense de F\u00fatbol\"],\"articleSection\":[\"Infanto Juvenil\",\"Masculino\",\"Noticias\",\"Pre-Infantiles\"],\"inLanguage\":\"es\",\"potentialAction\":[{\"@type\":\"CommentAction\",\"name\":\"Comment\",\"target\":[\"https:\\\/\\\/lpfparana.com.ar\\\/inicio\\\/parana-recibe-el-torneo-provincial-de-la-categoria-2012\\\/#respond\"]}]},{\"@type\":\"WebPage\",\"@id\":\"https:\\\/\\\/lpfparana.com.ar\\\/inicio\\\/parana-recibe-el-torneo-provincial-de-la-categoria-2012\\\/\",\"url\":\"https:\\\/\\\/lpfparana.com.ar\\\/inicio\\\/parana-recibe-el-torneo-provincial-de-la-categoria-2012\\\/\",\"name\":\"Paran\u00e1 recibe el Torneo Provincial de la Categor\u00eda 2012 -\",\"isPartOf\":{\"@id\":\"http:\\\/\\\/lpfparana.com.ar\\\/inicio\\\/#website\"},\"primaryImageOfPage\":{\"@id\":\"https:\\\/\\\/lpfparana.com.ar\\\/inicio\\\/parana-recibe-el-torneo-provincial-de-la-categoria-2012\\\/#primaryimage\"},\"image\":{\"@id\":\"https:\\\/\\\/lpfparana.com.ar\\\/inicio\\\/parana-recibe-el-torneo-provincial-de-la-categoria-2012\\\/#primaryimage\"},\"thumbnailUrl\":\"http:\\\/\\\/lpfparana.com.ar\\\/inicio\\\/wp-content\\\/uploads\\\/2026\\\/09\\\/IMG-20260903-WA0042-scaled.jpg\",\"datePublished\":\"2026-09-03T19:28:35+00:00\",\"dateModified\":\"2026-09-03T19:28:38+00:00\",\"author\":{\"@id\":\"http:\\\/\\\/lpfparana.com.ar\\\/inicio\\\/#\\\/schema\\\/person\\\/07e09b1ab407955db225d5798fbe3c29\"},\"description\":\"El predio de la Liga Paranaense de F\u00fatbol y el complejo \u201cOscar Chapino\u201d ser\u00e1n escenario de un fin de semana a puro f\u00fatbol infantil, con la participaci\u00f3n de 48 equipos de distintos puntos de Entre R\u00edos.\",\"breadcrumb\":{\"@id\":\"https:\\\/\\\/lpfparana.com.ar\\\/inicio\\\/parana-recibe-el-torneo-provincial-de-la-categoria-2012\\\/#breadcrumb\"},\"inLanguage\":\"es\",\"potentialAction\":[{\"@type\":\"ReadAction\",\"target\":[\"https:\\\/\\\/lpfparana.com.ar\\\/inicio\\\/parana-recibe-el-torneo-provincial-de-la-categoria-2012\\\/\"]}]},{\"@type\":\"ImageObject\",\"inLanguage\":\"es\",\"@id\":\"https:\\\/\\\/lpfparana.com.ar\\\/inicio\\\/parana-recibe-el-torneo-provincial-de-la-categoria-2012\\\/#primaryimage\",\"url\":\"http:\\\/\\\/lpfparana.com.ar\\\/inicio\\\/wp-content\\\/uploads\\\/2026\\\/09\\\/IMG-20260903-WA0042-scaled.jpg\",\"contentUrl\":\"http:\\\/\\\/lpfparana.com.ar\\\/inicio\\\/wp-content\\\/uploads\\\/2026\\\/09\\\/IMG-20260903-WA0042-scaled.jpg\",\"width\":2560,\"height\":1440},{\"@type\":\"BreadcrumbList\",\"@id\":\"https:\\\/\\\/lpfparana.com.ar\\\/inicio\\\/parana-recibe-el-torneo-provincial-de-la-categoria-2012\\\/#breadcrumb\",\"itemListElement\":[{\"@type\":\"ListItem\",\"position\":1,\"name\":\"Portada\",\"item\":\"http:\\\/\\\/lpfparana.com.ar\\\/inicio\\\/\"},{\"@type\":\"ListItem\",\"position\":2,\"name\":\"Paran\u00e1 recibe el Torneo Provincial de la Categor\u00eda 2012\"}]},{\"@type\":\"WebSite\",\"@id\":\"http:\\\/\\\/lpfparana.com.ar\\\/inicio\\\/#website\",\"url\":\"http:\\\/\\\/lpfparana.com.ar\\\/inicio\\\/\",\"name\":\"\",\"description\":\"LPF Paran\u00e1\",\"potentialAction\":[{\"@type\":\"SearchAction\",\"target\":{\"@type\":\"EntryPoint\",\"urlTemplate\":\"http:\\\/\\\/lpfparana.com.ar\\\/inicio\\\/?s={search_term_string}\"},\"query-input\":{\"@type\":\"PropertyValueSpecification\",\"valueRequired\":true,\"valueName\":\"search_term_string\"}}],\"inLanguage\":\"es\"},{\"@type\":\"Person\",\"@id\":\"http:\\\/\\\/lpfparana.com.ar\\\/inicio\\\/#\\\/schema\\\/person\\\/07e09b1ab407955db225d5798fbe3c29\",\"name\":\"Uriel Vazquez\",\"image\":{\"@type\":\"ImageObject\",\"inLanguage\":\"es\",\"@id\":\"https:\\\/\\\/secure.gravatar.com\\\/avatar\\\/6f6434a31569ea3eb181dc2d6f625ccfa8d5d0cd27b2fe7eab38888e37d146f6?s=96&d=mm&r=g\",\"url\":\"https:\\\/\\\/secure.gravatar.com\\\/avatar\\\/6f6434a31569ea3eb181dc2d6f625ccfa8d5d0cd27b2fe7eab38888e37d146f6?s=96&d=mm&r=g\",\"contentUrl\":\"https:\\\/\\\/secure.gravatar.com\\\/avatar\\\/6f6434a31569ea3eb181dc2d6f625ccfa8d5d0cd27b2fe7eab38888e37d146f6?s=96&d=mm&r=g\",\"caption\":\"Uriel Vazquez\"},\"url\":\"http:\\\/\\\/lpfparana.com.ar\\\/inicio\\\/author\\\/uriel\\\/\"}]}<\/script>\n<!-- \/ Yoast SEO Premium plugin. -->","yoast_head_json":{"title":"Paran\u00e1 recibe el Torneo Provincial de la Categor\u00eda 2012 -","description":"El predio de la Liga Paranaense de F\u00fatbol y el complejo \u201cOscar Chapino\u201d ser\u00e1n escenario de un fin de semana a puro f\u00fatbol infantil, con la participaci\u00f3n de 48 equipos de distintos puntos de Entre R\u00edos.","robots":{"index":"index","follow":"follow","max-snippet":"max-snippet:-1","max-image-preview":"max-image-preview:large","max-video-preview":"max-video-preview:-1"},"canonical":"https:\/\/lpfparana.com.ar\/inicio\/parana-recibe-el-torneo-provincial-de-la-categoria-2012\/","og_locale":"es_ES","og_type":"article","og_title":"Paran\u00e1 recibe el Torneo Provincial de la Categor\u00eda 2012","og_description":"El predio de la Liga Paranaense de F\u00fatbol y el complejo \u201cOscar Chapino\u201d ser\u00e1n escenario de un fin de semana a puro f\u00fatbol infantil, con la participaci\u00f3n de 48 equipos de distintos puntos de Entre R\u00edos.","og_url":"https:\/\/lpfparana.com.ar\/inicio\/parana-recibe-el-torneo-provincial-de-la-categoria-2012\/","article_published_time":"2026-09-03T19:28:35+00:00","article_modified_time":"2026-09-03T19:28:38+00:00","og_image":[{"width":2560,"height":1440,"url":"http:\/\/lpfparana.com.ar\/inicio\/wp-content\/uploads\/2026\/09\/IMG-20260903-WA0042-scaled.jpg","type":"image\/jpeg"}],"author":"Uriel Vazquez","twitter_card":"summary_large_image","twitter_misc":{"Escrito por":"Uriel Vazquez","Tiempo de lectura":"3 minutos"},"schema":{"@context":"https:\/\/schema.org","@graph":[{"@type":"Article","@id":"https:\/\/lpfparana.com.ar\/inicio\/parana-recibe-el-torneo-provincial-de-la-categoria-2012\/#article","isPartOf":{"@id":"https:\/\/lpfparana.com.ar\/inicio\/parana-recibe-el-torneo-provincial-de-la-categoria-2012\/"},"author":{"name":"Uriel Vazquez","@id":"http:\/\/lpfparana.com.ar\/inicio\/#\/schema\/person\/07e09b1ab407955db225d5798fbe3c29"},"headline":"Paran\u00e1 recibe el Torneo Provincial de la Categor\u00eda 2012","datePublished":"2026-09-03T19:28:35+00:00","dateModified":"2026-09-03T19:28:38+00:00","mainEntityOfPage":{"@id":"https:\/\/lpfparana.com.ar\/inicio\/parana-recibe-el-torneo-provincial-de-la-categoria-2012\/"},"wordCount":589,"commentCount":0,"image":{"@id":"https:\/\/lpfparana.com.ar\/inicio\/parana-recibe-el-torneo-provincial-de-la-categoria-2012\/#primaryimage"},"thumbnailUrl":"http:\/\/lpfparana.com.ar\/inicio\/wp-content\/uploads\/2026\/09\/IMG-20260903-WA0042-scaled.jpg","keywords":["Federaci\u00f3n Entrerriana de F\u00fatbol","Liga Paranaense de F\u00fatbol"],"articleSection":["Infanto Juvenil","Masculino","Noticias","Pre-Infantiles"],"inLanguage":"es","potentialAction":[{"@type":"CommentAction","name":"Comment","target":["https:\/\/lpfparana.com.ar\/inicio\/parana-recibe-el-torneo-provincial-de-la-categoria-2012\/#respond"]}]},{"@type":"WebPage","@id":"https:\/\/lpfparana.com.ar\/inicio\/parana-recibe-el-torneo-provincial-de-la-categoria-2012\/","url":"https:\/\/lpfparana.com.ar\/inicio\/parana-recibe-el-torneo-provincial-de-la-categoria-2012\/","name":"Paran\u00e1 recibe el Torneo Provincial de la Categor\u00eda 2012 -","isPartOf":{"@id":"http:\/\/lpfparana.com.ar\/inicio\/#website"},"primaryImageOfPage":{"@id":"https:\/\/lpfparana.com.ar\/inicio\/parana-recibe-el-torneo-provincial-de-la-categoria-2012\/#primaryimage"},"image":{"@id":"https:\/\/lpfparana.com.ar\/inicio\/parana-recibe-el-torneo-provincial-de-la-categoria-2012\/#primaryimage"},"thumbnailUrl":"http:\/\/lpfparana.com.ar\/inicio\/wp-content\/uploads\/2026\/09\/IMG-20260903-WA0042-scaled.jpg","datePublished":"2026-09-03T19:28:35+00:00","dateModified":"2026-09-03T19:28:38+00:00","author":{"@id":"http:\/\/lpfparana.com.ar\/inicio\/#\/schema\/person\/07e09b1ab407955db225d5798fbe3c29"},"description":"El predio de la Liga Paranaense de F\u00fatbol y el complejo \u201cOscar Chapino\u201d ser\u00e1n escenario de un fin de semana a puro f\u00fatbol infantil, con la participaci\u00f3n de 48 equipos de distintos puntos de Entre R\u00edos.","breadcrumb":{"@id":"https:\/\/lpfparana.com.ar\/inicio\/parana-recibe-el-torneo-provincial-de-la-categoria-2012\/#breadcrumb"},"inLanguage":"es","potentialAction":[{"@type":"ReadAction","target":["https:\/\/lpfparana.com.ar\/inicio\/parana-recibe-el-torneo-provincial-de-la-categoria-2012\/"]}]},{"@type":"ImageObject","inLanguage":"es","@id":"https:\/\/lpfparana.com.ar\/inicio\/parana-recibe-el-torneo-provincial-de-la-categoria-2012\/#primaryimage","url":"http:\/\/lpfparana.com.ar\/inicio\/wp-content\/uploads\/2026\/09\/IMG-20260903-WA0042-scaled.jpg","contentUrl":"http:\/\/lpfparana.com.ar\/inicio\/wp-content\/uploads\/2026\/09\/IMG-20260903-WA0042-scaled.jpg","width":2560,"height":1440},{"@type":"BreadcrumbList","@id":"https:\/\/lpfparana.com.ar\/inicio\/parana-recibe-el-torneo-provincial-de-la-categoria-2012\/#breadcrumb","itemListElement":[{"@type":"ListItem","position":1,"name":"Portada","item":"http:\/\/lpfparana.com.ar\/inicio\/"},{"@type":"ListItem","position":2,"name":"Paran\u00e1 recibe el Torneo Provincial de la Categor\u00eda 2012"}]},{"@type":"WebSite","@id":"http:\/\/lpfparana.com.ar\/inicio\/#website","url":"http:\/\/lpfparana.com.ar\/inicio\/","name":"","description":"LPF Paran\u00e1","potentialAction":[{"@type":"SearchAction","target":{"@type":"EntryPoint","urlTemplate":"http:\/\/lpfparana.com.ar\/inicio\/?s={search_term_string}"},"query-input":{"@type":"PropertyValueSpecification","valueRequired":true,"valueName":"search_term_string"}}],"inLanguage":"es"},{"@type":"Person","@id":"http:\/\/lpfparana.com.ar\/inicio\/#\/schema\/person\/07e09b1ab407955db225d5798fbe3c29","name":"Uriel Vazquez","image":{"@type":"ImageObject","inLanguage":"es","@id":"https:\/\/secure.gravatar.com\/avatar\/6f6434a31569ea3eb181dc2d6f625ccfa8d5d0cd27b2fe7eab38888e37d146f6?s=96&d=mm&r=g","url":"https:\/\/secure.gravatar.com\/avatar\/6f6434a31569ea3eb181dc2d6f625ccfa8d5d0cd27b2fe7eab38888e37d146f6?s=96&d=mm&r=g","contentUrl":"https:\/\/secure.gravatar.com\/avatar\/6f6434a31569ea3eb181dc2d6f625ccfa8d5d0cd27b2fe7eab38888e37d146f6?s=96&d=mm&r=g","caption":"Uriel Vazquez"},"url":"http:\/\/lpfparana.com.ar\/inicio\/author\/uriel\/"}]}},"_links":{"self":[{"href":"http:\/\/lpfparana.com.ar\/inicio\/wp-json\/wp\/v2\/posts\/10772","targetHints":{"allow":["GET"]}}],"collection":[{"href":"http:\/\/lpfparana.com.ar\/inicio\/wp-json\/wp\/v2\/posts"}],"about":[{"href":"http:\/\/lpfparana.com.ar\/inicio\/wp-json\/wp\/v2\/types\/post"}],"author":[{"embeddable":true,"href":"http:\/\/lpfparana.com.ar\/inicio\/wp-json\/wp\/v2\/users\/8"}],"replies":[{"embeddable":true,"href":"http:\/\/lpfparana.com.ar\/inicio\/wp-json\/wp\/v2\/comments?post=10772"}],"version-history":[{"count":1,"href":"http:\/\/lpfparana.com.ar\/inicio\/wp-json\/wp\/v2\/posts\/10772\/revisions"}],"predecessor-version":[{"id":10774,"href":"http:\/\/lpfparana.com.ar\/inicio\/wp-json\/wp\/v2\/posts\/10772\/revisions\/10774"}],"wp:featuredmedia":[{"embeddable":true,"href":"http:\/\/lpfparana.com.ar\/inicio\/wp-json\/wp\/v2\/media\/10773"}],"wp:attachment":[{"href":"http:\/\/lpfparana.com.ar\/inicio\/wp-json\/wp\/v2\/media?parent=10772"}],"wp:term":[{"taxonomy":"category","embeddable":true,"href":"http:\/\/lpfparana.com.ar\/inicio\/wp-json\/wp\/v2\/categories?post=10772"},{"taxonomy":"post_tag","embeddable":true,"href":"http:\/\/lpfparana.com.ar\/inicio\/wp-json\/wp\/v2\/tags?post=10772"}],"curies":[{"name":"wp","href":"https:\/\/api.w.org\/{rel}","templated":true}]}}