{"id":10769,"date":"2026-09-03T16:17:16","date_gmt":"2026-09-03T19:17:16","guid":{"rendered":"https:\/\/lpfparana.com.ar\/inicio\/?p=10769"},"modified":"2026-09-03T16:17:17","modified_gmt":"2026-09-03T19:17:17","slug":"trfa-2026-todo-listo-para-la-segunda-fecha-de-la-zona-5","status":"publish","type":"post","link":"http:\/\/lpfparana.com.ar\/inicio\/trfa-2026-todo-listo-para-la-segunda-fecha-de-la-zona-5\/","title":{"rendered":"TRFA 2026: todo listo para la segunda fecha de la Zona 5"},"content":{"rendered":"\n<p class=\"wp-block-paragraph\"><strong>Este fin de semana se disputar\u00e1 la segunda jornada del Torneo Regional Federal Amateur 2026, con dos encuentros que tendr\u00e1n como protagonistas a equipos de la Liga Paranaense de F\u00fatbol. Las ternas arbitrales ya fueron confirmadas.<\/strong><\/p>\n\n\n\n<p class=\"wp-block-paragraph\">El Torneo Regional Federal Amateur 2026 tendr\u00e1 este fin de semana el desarrollo de su segunda fecha en la <strong>Zona 5<\/strong>, con dos partidos programados para el s\u00e1bado 5 y domingo 6 de septiembre.<\/p>\n\n\n\n<p class=\"wp-block-paragraph\">La jornada comenzar\u00e1 el <strong>s\u00e1bado a las 16:00<\/strong>, cuando <strong>Belgrano de Paran\u00e1<\/strong> reciba a <strong>Atl\u00e9tico Paran\u00e1<\/strong>, en un nuevo cap\u00edtulo de la competencia regional.<\/p>\n\n\n\n<p class=\"wp-block-paragraph\">El encuentro tendr\u00e1 como \u00e1rbitro principal a <strong>Ramiro Nadalin<\/strong>, quien estar\u00e1 acompa\u00f1ado por <strong>Santino Gaioli<\/strong> y <strong>Gaspar Murador<\/strong> como asistentes.<\/p>\n\n\n\n<p class=\"wp-block-paragraph\">La fecha continuar\u00e1 el <strong>domingo 6 de septiembre<\/strong>, tambi\u00e9n desde las <strong>16:00<\/strong>, con el duelo entre <strong>Neuqu\u00e9n y Don Bosco<\/strong>.<\/p>\n\n\n\n<p class=\"wp-block-paragraph\">Para este compromiso fue designado como \u00e1rbitro principal <strong>Maximiliano Clauss<\/strong>, mientras que <strong>Diego Voisard<\/strong> y <strong>Ver\u00f3nica Gait\u00e1n<\/strong> ser\u00e1n los \u00e1rbitros asistentes.<\/p>\n\n\n\n<p class=\"wp-block-paragraph\">De esta manera, los equipos representantes de la Liga Paranaense afrontar\u00e1n una nueva jornada en el <strong>Torneo Regional Federal Amateur<\/strong>, buscando sumar puntos importantes en el camino dentro de la Zona 5.<\/p>\n\n\n\n<p class=\"wp-block-paragraph\"><\/p>\n","protected":false},"excerpt":{"rendered":"<p>Este fin de semana se disputar\u00e1 la segunda jornada del Torneo Regional Federal Amateur 2026, con dos encuentros que tendr\u00e1n como protagonistas a equipos de la Liga Paranaense de F\u00fatbol. Las ternas arbitrales ya fueron confirmadas. El Torneo Regional Federal Amateur 2026 tendr\u00e1 este fin de semana el desarrollo de su segunda fecha en la&#8230;<\/p>\n","protected":false},"author":8,"featured_media":10770,"comment_status":"open","ping_status":"open","sticky":false,"template":"","format":"standard","meta":{"footnotes":""},"categories":[8,2,3,296],"tags":[289,327,74,304,293],"class_list":["post-10769","post","type-post","status-publish","format-standard","has-post-thumbnail","hentry","category-masculino","category-noticias","category-primera-division","category-torneo-regional-federal-amateur","tag-atletico-neuquen-club","tag-atletico-parana","tag-belgrano","tag-don-bosco","tag-liga-paranaense-de-futbol"],"featured_image_src":"http:\/\/lpfparana.com.ar\/inicio\/wp-content\/uploads\/2026\/09\/FIXTURE_20260902_194804_0000.png","author_info":{"display_name":"Uriel Vazquez","author_link":"http:\/\/lpfparana.com.ar\/inicio\/author\/uriel\/"},"yoast_head":"<!-- This site is optimized with the Yoast SEO Premium plugin v27.8 (Yoast SEO v28.3) - https:\/\/yoast.com\/product\/yoast-seo-premium-wordpress\/ -->\n<title>TRFA 2026: todo listo para la segunda fecha de la Zona 5 -<\/title>\n<meta name=\"description\" content=\"Este fin de semana se disputar\u00e1 la segunda jornada del Torneo Regional Federal Amateur 2026, con dos encuentros que tendr\u00e1n como protagonistas a equipos de la Liga Paranaense de F\u00fatbol. Las ternas arbitrales ya fueron confirmadas\" \/>\n<meta name=\"robots\" content=\"index, follow, max-snippet:-1, max-image-preview:large, max-video-preview:-1\" \/>\n<link rel=\"canonical\" href=\"https:\/\/lpfparana.com.ar\/inicio\/trfa-2026-todo-listo-para-la-segunda-fecha-de-la-zona-5\/\" \/>\n<meta property=\"og:locale\" content=\"es_ES\" \/>\n<meta property=\"og:type\" content=\"article\" \/>\n<meta property=\"og:title\" content=\"TRFA 2026: todo listo para la segunda fecha de la Zona 5\" \/>\n<meta property=\"og:description\" content=\"Este fin de semana se disputar\u00e1 la segunda jornada del Torneo Regional Federal Amateur 2026, con dos encuentros que tendr\u00e1n como protagonistas a equipos de la Liga Paranaense de F\u00fatbol. Las ternas arbitrales ya fueron confirmadas\" \/>\n<meta property=\"og:url\" content=\"https:\/\/lpfparana.com.ar\/inicio\/trfa-2026-todo-listo-para-la-segunda-fecha-de-la-zona-5\/\" \/>\n<meta property=\"article:published_time\" content=\"2026-09-03T19:17:16+00:00\" \/>\n<meta property=\"article:modified_time\" content=\"2026-09-03T19:17:17+00:00\" \/>\n<meta property=\"og:image\" content=\"http:\/\/lpfparana.com.ar\/inicio\/wp-content\/uploads\/2026\/09\/FIXTURE_20260902_194804_0000.png\" \/>\n\t<meta property=\"og:image:width\" content=\"1080\" \/>\n\t<meta property=\"og:image:height\" content=\"1350\" \/>\n\t<meta property=\"og:image:type\" content=\"image\/png\" \/>\n<meta name=\"author\" content=\"Uriel Vazquez\" \/>\n<meta name=\"twitter:card\" content=\"summary_large_image\" \/>\n<meta name=\"twitter:label1\" content=\"Escrito por\" \/>\n\t<meta name=\"twitter:data1\" content=\"Uriel Vazquez\" \/>\n\t<meta name=\"twitter:label2\" content=\"Tiempo de lectura\" \/>\n\t<meta name=\"twitter:data2\" content=\"2 minutos\" \/>\n<script type=\"application\/ld+json\" class=\"yoast-schema-graph\">{\"@context\":\"https:\\\/\\\/schema.org\",\"@graph\":[{\"@type\":\"Article\",\"@id\":\"https:\\\/\\\/lpfparana.com.ar\\\/inicio\\\/trfa-2026-todo-listo-para-la-segunda-fecha-de-la-zona-5\\\/#article\",\"isPartOf\":{\"@id\":\"https:\\\/\\\/lpfparana.com.ar\\\/inicio\\\/trfa-2026-todo-listo-para-la-segunda-fecha-de-la-zona-5\\\/\"},\"author\":{\"name\":\"Uriel Vazquez\",\"@id\":\"http:\\\/\\\/lpfparana.com.ar\\\/inicio\\\/#\\\/schema\\\/person\\\/07e09b1ab407955db225d5798fbe3c29\"},\"headline\":\"TRFA 2026: todo listo para la segunda fecha de la Zona 5\",\"datePublished\":\"2026-09-03T19:17:16+00:00\",\"dateModified\":\"2026-09-03T19:17:17+00:00\",\"mainEntityOfPage\":{\"@id\":\"https:\\\/\\\/lpfparana.com.ar\\\/inicio\\\/trfa-2026-todo-listo-para-la-segunda-fecha-de-la-zona-5\\\/\"},\"wordCount\":201,\"commentCount\":0,\"image\":{\"@id\":\"https:\\\/\\\/lpfparana.com.ar\\\/inicio\\\/trfa-2026-todo-listo-para-la-segunda-fecha-de-la-zona-5\\\/#primaryimage\"},\"thumbnailUrl\":\"http:\\\/\\\/lpfparana.com.ar\\\/inicio\\\/wp-content\\\/uploads\\\/2026\\\/09\\\/FIXTURE_20260902_194804_0000.png\",\"keywords\":[\"Atl\u00e9tico Neuquen Club\",\"Atl\u00e9tico Paran\u00e1\",\"Belgrano\",\"Don Bosco\",\"Liga Paranaense de F\u00fatbol\"],\"articleSection\":[\"Masculino\",\"Noticias\",\"Primera Divisi\u00f3n\",\"Torneo Regional Federal Amateur\"],\"inLanguage\":\"es\",\"potentialAction\":[{\"@type\":\"CommentAction\",\"name\":\"Comment\",\"target\":[\"https:\\\/\\\/lpfparana.com.ar\\\/inicio\\\/trfa-2026-todo-listo-para-la-segunda-fecha-de-la-zona-5\\\/#respond\"]}]},{\"@type\":\"WebPage\",\"@id\":\"https:\\\/\\\/lpfparana.com.ar\\\/inicio\\\/trfa-2026-todo-listo-para-la-segunda-fecha-de-la-zona-5\\\/\",\"url\":\"https:\\\/\\\/lpfparana.com.ar\\\/inicio\\\/trfa-2026-todo-listo-para-la-segunda-fecha-de-la-zona-5\\\/\",\"name\":\"TRFA 2026: todo listo para la segunda fecha de la Zona 5 -\",\"isPartOf\":{\"@id\":\"http:\\\/\\\/lpfparana.com.ar\\\/inicio\\\/#website\"},\"primaryImageOfPage\":{\"@id\":\"https:\\\/\\\/lpfparana.com.ar\\\/inicio\\\/trfa-2026-todo-listo-para-la-segunda-fecha-de-la-zona-5\\\/#primaryimage\"},\"image\":{\"@id\":\"https:\\\/\\\/lpfparana.com.ar\\\/inicio\\\/trfa-2026-todo-listo-para-la-segunda-fecha-de-la-zona-5\\\/#primaryimage\"},\"thumbnailUrl\":\"http:\\\/\\\/lpfparana.com.ar\\\/inicio\\\/wp-content\\\/uploads\\\/2026\\\/09\\\/FIXTURE_20260902_194804_0000.png\",\"datePublished\":\"2026-09-03T19:17:16+00:00\",\"dateModified\":\"2026-09-03T19:17:17+00:00\",\"author\":{\"@id\":\"http:\\\/\\\/lpfparana.com.ar\\\/inicio\\\/#\\\/schema\\\/person\\\/07e09b1ab407955db225d5798fbe3c29\"},\"description\":\"Este fin de semana se disputar\u00e1 la segunda jornada del Torneo Regional Federal Amateur 2026, con dos encuentros que tendr\u00e1n como protagonistas a equipos de la Liga Paranaense de F\u00fatbol. Las ternas arbitrales ya fueron confirmadas\",\"breadcrumb\":{\"@id\":\"https:\\\/\\\/lpfparana.com.ar\\\/inicio\\\/trfa-2026-todo-listo-para-la-segunda-fecha-de-la-zona-5\\\/#breadcrumb\"},\"inLanguage\":\"es\",\"potentialAction\":[{\"@type\":\"ReadAction\",\"target\":[\"https:\\\/\\\/lpfparana.com.ar\\\/inicio\\\/trfa-2026-todo-listo-para-la-segunda-fecha-de-la-zona-5\\\/\"]}]},{\"@type\":\"ImageObject\",\"inLanguage\":\"es\",\"@id\":\"https:\\\/\\\/lpfparana.com.ar\\\/inicio\\\/trfa-2026-todo-listo-para-la-segunda-fecha-de-la-zona-5\\\/#primaryimage\",\"url\":\"http:\\\/\\\/lpfparana.com.ar\\\/inicio\\\/wp-content\\\/uploads\\\/2026\\\/09\\\/FIXTURE_20260902_194804_0000.png\",\"contentUrl\":\"http:\\\/\\\/lpfparana.com.ar\\\/inicio\\\/wp-content\\\/uploads\\\/2026\\\/09\\\/FIXTURE_20260902_194804_0000.png\",\"width\":1080,\"height\":1350},{\"@type\":\"BreadcrumbList\",\"@id\":\"https:\\\/\\\/lpfparana.com.ar\\\/inicio\\\/trfa-2026-todo-listo-para-la-segunda-fecha-de-la-zona-5\\\/#breadcrumb\",\"itemListElement\":[{\"@type\":\"ListItem\",\"position\":1,\"name\":\"Portada\",\"item\":\"http:\\\/\\\/lpfparana.com.ar\\\/inicio\\\/\"},{\"@type\":\"ListItem\",\"position\":2,\"name\":\"TRFA 2026: todo listo para la segunda fecha de la Zona 5\"}]},{\"@type\":\"WebSite\",\"@id\":\"http:\\\/\\\/lpfparana.com.ar\\\/inicio\\\/#website\",\"url\":\"http:\\\/\\\/lpfparana.com.ar\\\/inicio\\\/\",\"name\":\"\",\"description\":\"LPF Paran\u00e1\",\"potentialAction\":[{\"@type\":\"SearchAction\",\"target\":{\"@type\":\"EntryPoint\",\"urlTemplate\":\"http:\\\/\\\/lpfparana.com.ar\\\/inicio\\\/?s={search_term_string}\"},\"query-input\":{\"@type\":\"PropertyValueSpecification\",\"valueRequired\":true,\"valueName\":\"search_term_string\"}}],\"inLanguage\":\"es\"},{\"@type\":\"Person\",\"@id\":\"http:\\\/\\\/lpfparana.com.ar\\\/inicio\\\/#\\\/schema\\\/person\\\/07e09b1ab407955db225d5798fbe3c29\",\"name\":\"Uriel Vazquez\",\"image\":{\"@type\":\"ImageObject\",\"inLanguage\":\"es\",\"@id\":\"https:\\\/\\\/secure.gravatar.com\\\/avatar\\\/6f6434a31569ea3eb181dc2d6f625ccfa8d5d0cd27b2fe7eab38888e37d146f6?s=96&d=mm&r=g\",\"url\":\"https:\\\/\\\/secure.gravatar.com\\\/avatar\\\/6f6434a31569ea3eb181dc2d6f625ccfa8d5d0cd27b2fe7eab38888e37d146f6?s=96&d=mm&r=g\",\"contentUrl\":\"https:\\\/\\\/secure.gravatar.com\\\/avatar\\\/6f6434a31569ea3eb181dc2d6f625ccfa8d5d0cd27b2fe7eab38888e37d146f6?s=96&d=mm&r=g\",\"caption\":\"Uriel Vazquez\"},\"url\":\"http:\\\/\\\/lpfparana.com.ar\\\/inicio\\\/author\\\/uriel\\\/\"}]}<\/script>\n<!-- \/ Yoast SEO Premium plugin. -->","yoast_head_json":{"title":"TRFA 2026: todo listo para la segunda fecha de la Zona 5 -","description":"Este fin de semana se disputar\u00e1 la segunda jornada del Torneo Regional Federal Amateur 2026, con dos encuentros que tendr\u00e1n como protagonistas a equipos de la Liga Paranaense de F\u00fatbol. Las ternas arbitrales ya fueron confirmadas","robots":{"index":"index","follow":"follow","max-snippet":"max-snippet:-1","max-image-preview":"max-image-preview:large","max-video-preview":"max-video-preview:-1"},"canonical":"https:\/\/lpfparana.com.ar\/inicio\/trfa-2026-todo-listo-para-la-segunda-fecha-de-la-zona-5\/","og_locale":"es_ES","og_type":"article","og_title":"TRFA 2026: todo listo para la segunda fecha de la Zona 5","og_description":"Este fin de semana se disputar\u00e1 la segunda jornada del Torneo Regional Federal Amateur 2026, con dos encuentros que tendr\u00e1n como protagonistas a equipos de la Liga Paranaense de F\u00fatbol. Las ternas arbitrales ya fueron confirmadas","og_url":"https:\/\/lpfparana.com.ar\/inicio\/trfa-2026-todo-listo-para-la-segunda-fecha-de-la-zona-5\/","article_published_time":"2026-09-03T19:17:16+00:00","article_modified_time":"2026-09-03T19:17:17+00:00","og_image":[{"width":1080,"height":1350,"url":"http:\/\/lpfparana.com.ar\/inicio\/wp-content\/uploads\/2026\/09\/FIXTURE_20260902_194804_0000.png","type":"image\/png"}],"author":"Uriel Vazquez","twitter_card":"summary_large_image","twitter_misc":{"Escrito por":"Uriel Vazquez","Tiempo de lectura":"2 minutos"},"schema":{"@context":"https:\/\/schema.org","@graph":[{"@type":"Article","@id":"https:\/\/lpfparana.com.ar\/inicio\/trfa-2026-todo-listo-para-la-segunda-fecha-de-la-zona-5\/#article","isPartOf":{"@id":"https:\/\/lpfparana.com.ar\/inicio\/trfa-2026-todo-listo-para-la-segunda-fecha-de-la-zona-5\/"},"author":{"name":"Uriel Vazquez","@id":"http:\/\/lpfparana.com.ar\/inicio\/#\/schema\/person\/07e09b1ab407955db225d5798fbe3c29"},"headline":"TRFA 2026: todo listo para la segunda fecha de la Zona 5","datePublished":"2026-09-03T19:17:16+00:00","dateModified":"2026-09-03T19:17:17+00:00","mainEntityOfPage":{"@id":"https:\/\/lpfparana.com.ar\/inicio\/trfa-2026-todo-listo-para-la-segunda-fecha-de-la-zona-5\/"},"wordCount":201,"commentCount":0,"image":{"@id":"https:\/\/lpfparana.com.ar\/inicio\/trfa-2026-todo-listo-para-la-segunda-fecha-de-la-zona-5\/#primaryimage"},"thumbnailUrl":"http:\/\/lpfparana.com.ar\/inicio\/wp-content\/uploads\/2026\/09\/FIXTURE_20260902_194804_0000.png","keywords":["Atl\u00e9tico Neuquen Club","Atl\u00e9tico Paran\u00e1","Belgrano","Don Bosco","Liga Paranaense de F\u00fatbol"],"articleSection":["Masculino","Noticias","Primera Divisi\u00f3n","Torneo Regional Federal Amateur"],"inLanguage":"es","potentialAction":[{"@type":"CommentAction","name":"Comment","target":["https:\/\/lpfparana.com.ar\/inicio\/trfa-2026-todo-listo-para-la-segunda-fecha-de-la-zona-5\/#respond"]}]},{"@type":"WebPage","@id":"https:\/\/lpfparana.com.ar\/inicio\/trfa-2026-todo-listo-para-la-segunda-fecha-de-la-zona-5\/","url":"https:\/\/lpfparana.com.ar\/inicio\/trfa-2026-todo-listo-para-la-segunda-fecha-de-la-zona-5\/","name":"TRFA 2026: todo listo para la segunda fecha de la Zona 5 -","isPartOf":{"@id":"http:\/\/lpfparana.com.ar\/inicio\/#website"},"primaryImageOfPage":{"@id":"https:\/\/lpfparana.com.ar\/inicio\/trfa-2026-todo-listo-para-la-segunda-fecha-de-la-zona-5\/#primaryimage"},"image":{"@id":"https:\/\/lpfparana.com.ar\/inicio\/trfa-2026-todo-listo-para-la-segunda-fecha-de-la-zona-5\/#primaryimage"},"thumbnailUrl":"http:\/\/lpfparana.com.ar\/inicio\/wp-content\/uploads\/2026\/09\/FIXTURE_20260902_194804_0000.png","datePublished":"2026-09-03T19:17:16+00:00","dateModified":"2026-09-03T19:17:17+00:00","author":{"@id":"http:\/\/lpfparana.com.ar\/inicio\/#\/schema\/person\/07e09b1ab407955db225d5798fbe3c29"},"description":"Este fin de semana se disputar\u00e1 la segunda jornada del Torneo Regional Federal Amateur 2026, con dos encuentros que tendr\u00e1n como protagonistas a equipos de la Liga Paranaense de F\u00fatbol. Las ternas arbitrales ya fueron confirmadas","breadcrumb":{"@id":"https:\/\/lpfparana.com.ar\/inicio\/trfa-2026-todo-listo-para-la-segunda-fecha-de-la-zona-5\/#breadcrumb"},"inLanguage":"es","potentialAction":[{"@type":"ReadAction","target":["https:\/\/lpfparana.com.ar\/inicio\/trfa-2026-todo-listo-para-la-segunda-fecha-de-la-zona-5\/"]}]},{"@type":"ImageObject","inLanguage":"es","@id":"https:\/\/lpfparana.com.ar\/inicio\/trfa-2026-todo-listo-para-la-segunda-fecha-de-la-zona-5\/#primaryimage","url":"http:\/\/lpfparana.com.ar\/inicio\/wp-content\/uploads\/2026\/09\/FIXTURE_20260902_194804_0000.png","contentUrl":"http:\/\/lpfparana.com.ar\/inicio\/wp-content\/uploads\/2026\/09\/FIXTURE_20260902_194804_0000.png","width":1080,"height":1350},{"@type":"BreadcrumbList","@id":"https:\/\/lpfparana.com.ar\/inicio\/trfa-2026-todo-listo-para-la-segunda-fecha-de-la-zona-5\/#breadcrumb","itemListElement":[{"@type":"ListItem","position":1,"name":"Portada","item":"http:\/\/lpfparana.com.ar\/inicio\/"},{"@type":"ListItem","position":2,"name":"TRFA 2026: todo listo para la segunda fecha de la Zona 5"}]},{"@type":"WebSite","@id":"http:\/\/lpfparana.com.ar\/inicio\/#website","url":"http:\/\/lpfparana.com.ar\/inicio\/","name":"","description":"LPF Paran\u00e1","potentialAction":[{"@type":"SearchAction","target":{"@type":"EntryPoint","urlTemplate":"http:\/\/lpfparana.com.ar\/inicio\/?s={search_term_string}"},"query-input":{"@type":"PropertyValueSpecification","valueRequired":true,"valueName":"search_term_string"}}],"inLanguage":"es"},{"@type":"Person","@id":"http:\/\/lpfparana.com.ar\/inicio\/#\/schema\/person\/07e09b1ab407955db225d5798fbe3c29","name":"Uriel Vazquez","image":{"@type":"ImageObject","inLanguage":"es","@id":"https:\/\/secure.gravatar.com\/avatar\/6f6434a31569ea3eb181dc2d6f625ccfa8d5d0cd27b2fe7eab38888e37d146f6?s=96&d=mm&r=g","url":"https:\/\/secure.gravatar.com\/avatar\/6f6434a31569ea3eb181dc2d6f625ccfa8d5d0cd27b2fe7eab38888e37d146f6?s=96&d=mm&r=g","contentUrl":"https:\/\/secure.gravatar.com\/avatar\/6f6434a31569ea3eb181dc2d6f625ccfa8d5d0cd27b2fe7eab38888e37d146f6?s=96&d=mm&r=g","caption":"Uriel Vazquez"},"url":"http:\/\/lpfparana.com.ar\/inicio\/author\/uriel\/"}]}},"_links":{"self":[{"href":"http:\/\/lpfparana.com.ar\/inicio\/wp-json\/wp\/v2\/posts\/10769","targetHints":{"allow":["GET"]}}],"collection":[{"href":"http:\/\/lpfparana.com.ar\/inicio\/wp-json\/wp\/v2\/posts"}],"about":[{"href":"http:\/\/lpfparana.com.ar\/inicio\/wp-json\/wp\/v2\/types\/post"}],"author":[{"embeddable":true,"href":"http:\/\/lpfparana.com.ar\/inicio\/wp-json\/wp\/v2\/users\/8"}],"replies":[{"embeddable":true,"href":"http:\/\/lpfparana.com.ar\/inicio\/wp-json\/wp\/v2\/comments?post=10769"}],"version-history":[{"count":1,"href":"http:\/\/lpfparana.com.ar\/inicio\/wp-json\/wp\/v2\/posts\/10769\/revisions"}],"predecessor-version":[{"id":10771,"href":"http:\/\/lpfparana.com.ar\/inicio\/wp-json\/wp\/v2\/posts\/10769\/revisions\/10771"}],"wp:featuredmedia":[{"embeddable":true,"href":"http:\/\/lpfparana.com.ar\/inicio\/wp-json\/wp\/v2\/media\/10770"}],"wp:attachment":[{"href":"http:\/\/lpfparana.com.ar\/inicio\/wp-json\/wp\/v2\/media?parent=10769"}],"wp:term":[{"taxonomy":"category","embeddable":true,"href":"http:\/\/lpfparana.com.ar\/inicio\/wp-json\/wp\/v2\/categories?post=10769"},{"taxonomy":"post_tag","embeddable":true,"href":"http:\/\/lpfparana.com.ar\/inicio\/wp-json\/wp\/v2\/tags?post=10769"}],"curies":[{"name":"wp","href":"https:\/\/api.w.org\/{rel}","templated":true}]}}