{"id":10766,"date":"2026-09-03T15:29:14","date_gmt":"2026-09-03T18:29:14","guid":{"rendered":"https:\/\/lpfparana.com.ar\/inicio\/?p=10766"},"modified":"2026-09-03T15:29:16","modified_gmt":"2026-09-03T18:29:16","slug":"la-liga-paranaense-avanzo-a-la-proxima-instancia-de-la-copa-pais","status":"publish","type":"post","link":"http:\/\/lpfparana.com.ar\/inicio\/la-liga-paranaense-avanzo-a-la-proxima-instancia-de-la-copa-pais\/","title":{"rendered":"La Liga Paranaense avanz\u00f3 a la pr\u00f3xima instancia de la Copa Pa\u00eds"},"content":{"rendered":"\n<p class=\"wp-block-paragraph\"><strong>El Selectivo de la Liga Paranaense de F\u00fatbol super\u00f3 a la Liga de Laguna Paiva por un contundente global de 7 a 1 y contin\u00faa en carrera en la Copa Pa\u00eds, competencia organizada por el Consejo Federal de la Asociaci\u00f3n del F\u00fatbol Argentino.<\/strong><\/p>\n\n\n\n<p class=\"wp-block-paragraph\">La Liga Paranaense de F\u00fatbol dio otro paso en su camino dentro de la <strong>Copa Pa\u00eds<\/strong>, tras imponerse con autoridad en la primera llave frente a la Liga de Laguna Paiva y conseguir la clasificaci\u00f3n a la pr\u00f3xima instancia de la competencia.<\/p>\n\n\n\n<p class=\"wp-block-paragraph\">El conjunto paranaense hab\u00eda conseguido una importante victoria en el encuentro de ida, disputado en Laguna Paiva, en la cancha del <strong>Club Estrellas de Talleres<\/strong>, donde se impuso por <strong>3 a 1<\/strong>. Con la ventaja a su favor, el Selectivo afront\u00f3 el partido de vuelta con el objetivo de cerrar la serie ante su gente.<\/p>\n\n\n\n<p class=\"wp-block-paragraph\">Y as\u00ed fue. En el encuentro disputado este mi\u00e9rcoles en cancha de <strong>Atl\u00e9tico Neuqu\u00e9n Club<\/strong>, la Liga Paranaense volvi\u00f3 a demostrar su jerarqu\u00eda y se qued\u00f3 con una contundente victoria por <strong>4 a 0<\/strong>, para sentenciar la serie con un resultado global de <strong>7 a 1<\/strong>.<\/p>\n\n\n\n<p class=\"wp-block-paragraph\">A lo largo de los dos partidos, el Selectivo paranaense mostr\u00f3 solidez, buen juego y contundencia, dejando en evidencia el nivel y la calidad de los futbolistas que forman parte del f\u00fatbol local. La clasificaci\u00f3n representa tambi\u00e9n una muestra del trabajo realizado para conformar un equipo competitivo que pueda representar de la mejor manera a la Liga Paranaense en el \u00e1mbito nacional.<\/p>\n\n\n\n<p class=\"wp-block-paragraph\">Con la serie definida, ahora el desaf\u00edo ser\u00e1 a\u00fan mayor. En la pr\u00f3xima instancia de la <strong>Copa Pa\u00eds<\/strong>, la Liga Paranaense se enfrentar\u00e1 a la <strong>Liga Departamental de San Mart\u00edn<\/strong>.<\/p>\n\n\n\n<p class=\"wp-block-paragraph\">El primer encuentro de la serie se disputar\u00e1 <strong>la pr\u00f3xima semana en Paran\u00e1<\/strong>, donde el Selectivo paranaense ser\u00e1 local. Luego, la definici\u00f3n continuar\u00e1 <strong>en condici\u00f3n de visitante<\/strong>, en el segundo partido de la llave.<\/p>\n\n\n\n<p class=\"wp-block-paragraph\">La Liga Paranaense contin\u00faa avanzando en la Copa Pa\u00eds y mantiene firme la ilusi\u00f3n de seguir representando al f\u00fatbol de Paran\u00e1 en una de las competencias m\u00e1s importantes del \u00e1mbito federal.<\/p>\n\n\n\n<p class=\"wp-block-paragraph\"><\/p>\n","protected":false},"excerpt":{"rendered":"<p>El Selectivo de la Liga Paranaense de F\u00fatbol super\u00f3 a la Liga de Laguna Paiva por un contundente global de 7 a 1 y contin\u00faa en carrera en la Copa Pa\u00eds, competencia organizada por el Consejo Federal de la Asociaci\u00f3n del F\u00fatbol Argentino. La Liga Paranaense de F\u00fatbol dio otro paso en su camino dentro&#8230;<\/p>\n","protected":false},"author":8,"featured_media":10767,"comment_status":"open","ping_status":"open","sticky":false,"template":"","format":"standard","meta":{"footnotes":""},"categories":[337,8,2,3],"tags":[293,106],"class_list":["post-10766","post","type-post","status-publish","format-standard","has-post-thumbnail","hentry","category-copa-pais-2026","category-masculino","category-noticias","category-primera-division","tag-liga-paranaense-de-futbol","tag-locos-por-la-liga"],"featured_image_src":"http:\/\/lpfparana.com.ar\/inicio\/wp-content\/uploads\/2026\/09\/WA_1788386021813-scaled.jpg","author_info":{"display_name":"Uriel Vazquez","author_link":"http:\/\/lpfparana.com.ar\/inicio\/author\/uriel\/"},"yoast_head":"<!-- This site is optimized with the Yoast SEO Premium plugin v27.8 (Yoast SEO v28.3) - https:\/\/yoast.com\/product\/yoast-seo-premium-wordpress\/ -->\n<title>La Liga Paranaense avanz\u00f3 a la pr\u00f3xima instancia de la Copa Pa\u00eds -<\/title>\n<meta name=\"description\" content=\"El Selectivo de la Liga Paranaense de F\u00fatbol super\u00f3 a la Liga de Laguna Paiva por un contundente global de 7 a 1 y contin\u00faa en carrera en la Copa Pa\u00eds, competencia organizada por el Consejo Federal de la Asociaci\u00f3n del F\u00fatbol Argentino\" \/>\n<meta name=\"robots\" content=\"index, follow, max-snippet:-1, max-image-preview:large, max-video-preview:-1\" \/>\n<link rel=\"canonical\" href=\"https:\/\/lpfparana.com.ar\/inicio\/la-liga-paranaense-avanzo-a-la-proxima-instancia-de-la-copa-pais\/\" \/>\n<meta property=\"og:locale\" content=\"es_ES\" \/>\n<meta property=\"og:type\" content=\"article\" \/>\n<meta property=\"og:title\" content=\"La Liga Paranaense avanz\u00f3 a la pr\u00f3xima instancia de la Copa Pa\u00eds\" \/>\n<meta property=\"og:description\" content=\"El Selectivo de la Liga Paranaense de F\u00fatbol super\u00f3 a la Liga de Laguna Paiva por un contundente global de 7 a 1 y contin\u00faa en carrera en la Copa Pa\u00eds, competencia organizada por el Consejo Federal de la Asociaci\u00f3n del F\u00fatbol Argentino\" \/>\n<meta property=\"og:url\" content=\"https:\/\/lpfparana.com.ar\/inicio\/la-liga-paranaense-avanzo-a-la-proxima-instancia-de-la-copa-pais\/\" \/>\n<meta property=\"article:published_time\" content=\"2026-09-03T18:29:14+00:00\" \/>\n<meta property=\"article:modified_time\" content=\"2026-09-03T18:29:16+00:00\" \/>\n<meta property=\"og:image\" content=\"http:\/\/lpfparana.com.ar\/inicio\/wp-content\/uploads\/2026\/09\/WA_1788386021813-scaled.jpg\" \/>\n\t<meta property=\"og:image:width\" content=\"2560\" \/>\n\t<meta property=\"og:image:height\" content=\"1714\" \/>\n\t<meta property=\"og:image:type\" content=\"image\/jpeg\" \/>\n<meta name=\"author\" content=\"Uriel Vazquez\" \/>\n<meta name=\"twitter:card\" content=\"summary_large_image\" \/>\n<meta name=\"twitter:label1\" content=\"Escrito por\" \/>\n\t<meta name=\"twitter:data1\" content=\"Uriel Vazquez\" \/>\n\t<meta name=\"twitter:label2\" content=\"Tiempo de lectura\" \/>\n\t<meta name=\"twitter:data2\" content=\"2 minutos\" \/>\n<script type=\"application\/ld+json\" class=\"yoast-schema-graph\">{\"@context\":\"https:\\\/\\\/schema.org\",\"@graph\":[{\"@type\":\"Article\",\"@id\":\"https:\\\/\\\/lpfparana.com.ar\\\/inicio\\\/la-liga-paranaense-avanzo-a-la-proxima-instancia-de-la-copa-pais\\\/#article\",\"isPartOf\":{\"@id\":\"https:\\\/\\\/lpfparana.com.ar\\\/inicio\\\/la-liga-paranaense-avanzo-a-la-proxima-instancia-de-la-copa-pais\\\/\"},\"author\":{\"name\":\"Uriel Vazquez\",\"@id\":\"http:\\\/\\\/lpfparana.com.ar\\\/inicio\\\/#\\\/schema\\\/person\\\/07e09b1ab407955db225d5798fbe3c29\"},\"headline\":\"La Liga Paranaense avanz\u00f3 a la pr\u00f3xima instancia de la Copa Pa\u00eds\",\"datePublished\":\"2026-09-03T18:29:14+00:00\",\"dateModified\":\"2026-09-03T18:29:16+00:00\",\"mainEntityOfPage\":{\"@id\":\"https:\\\/\\\/lpfparana.com.ar\\\/inicio\\\/la-liga-paranaense-avanzo-a-la-proxima-instancia-de-la-copa-pais\\\/\"},\"wordCount\":379,\"commentCount\":0,\"image\":{\"@id\":\"https:\\\/\\\/lpfparana.com.ar\\\/inicio\\\/la-liga-paranaense-avanzo-a-la-proxima-instancia-de-la-copa-pais\\\/#primaryimage\"},\"thumbnailUrl\":\"http:\\\/\\\/lpfparana.com.ar\\\/inicio\\\/wp-content\\\/uploads\\\/2026\\\/09\\\/WA_1788386021813-scaled.jpg\",\"keywords\":[\"Liga Paranaense de F\u00fatbol\",\"Locos por la Liga\"],\"articleSection\":[\"Copa Pa\u00eds 2026\",\"Masculino\",\"Noticias\",\"Primera Divisi\u00f3n\"],\"inLanguage\":\"es\",\"potentialAction\":[{\"@type\":\"CommentAction\",\"name\":\"Comment\",\"target\":[\"https:\\\/\\\/lpfparana.com.ar\\\/inicio\\\/la-liga-paranaense-avanzo-a-la-proxima-instancia-de-la-copa-pais\\\/#respond\"]}]},{\"@type\":\"WebPage\",\"@id\":\"https:\\\/\\\/lpfparana.com.ar\\\/inicio\\\/la-liga-paranaense-avanzo-a-la-proxima-instancia-de-la-copa-pais\\\/\",\"url\":\"https:\\\/\\\/lpfparana.com.ar\\\/inicio\\\/la-liga-paranaense-avanzo-a-la-proxima-instancia-de-la-copa-pais\\\/\",\"name\":\"La Liga Paranaense avanz\u00f3 a la pr\u00f3xima instancia de la Copa Pa\u00eds -\",\"isPartOf\":{\"@id\":\"http:\\\/\\\/lpfparana.com.ar\\\/inicio\\\/#website\"},\"primaryImageOfPage\":{\"@id\":\"https:\\\/\\\/lpfparana.com.ar\\\/inicio\\\/la-liga-paranaense-avanzo-a-la-proxima-instancia-de-la-copa-pais\\\/#primaryimage\"},\"image\":{\"@id\":\"https:\\\/\\\/lpfparana.com.ar\\\/inicio\\\/la-liga-paranaense-avanzo-a-la-proxima-instancia-de-la-copa-pais\\\/#primaryimage\"},\"thumbnailUrl\":\"http:\\\/\\\/lpfparana.com.ar\\\/inicio\\\/wp-content\\\/uploads\\\/2026\\\/09\\\/WA_1788386021813-scaled.jpg\",\"datePublished\":\"2026-09-03T18:29:14+00:00\",\"dateModified\":\"2026-09-03T18:29:16+00:00\",\"author\":{\"@id\":\"http:\\\/\\\/lpfparana.com.ar\\\/inicio\\\/#\\\/schema\\\/person\\\/07e09b1ab407955db225d5798fbe3c29\"},\"description\":\"El Selectivo de la Liga Paranaense de F\u00fatbol super\u00f3 a la Liga de Laguna Paiva por un contundente global de 7 a 1 y contin\u00faa en carrera en la Copa Pa\u00eds, competencia organizada por el Consejo Federal de la Asociaci\u00f3n del F\u00fatbol Argentino\",\"breadcrumb\":{\"@id\":\"https:\\\/\\\/lpfparana.com.ar\\\/inicio\\\/la-liga-paranaense-avanzo-a-la-proxima-instancia-de-la-copa-pais\\\/#breadcrumb\"},\"inLanguage\":\"es\",\"potentialAction\":[{\"@type\":\"ReadAction\",\"target\":[\"https:\\\/\\\/lpfparana.com.ar\\\/inicio\\\/la-liga-paranaense-avanzo-a-la-proxima-instancia-de-la-copa-pais\\\/\"]}]},{\"@type\":\"ImageObject\",\"inLanguage\":\"es\",\"@id\":\"https:\\\/\\\/lpfparana.com.ar\\\/inicio\\\/la-liga-paranaense-avanzo-a-la-proxima-instancia-de-la-copa-pais\\\/#primaryimage\",\"url\":\"http:\\\/\\\/lpfparana.com.ar\\\/inicio\\\/wp-content\\\/uploads\\\/2026\\\/09\\\/WA_1788386021813-scaled.jpg\",\"contentUrl\":\"http:\\\/\\\/lpfparana.com.ar\\\/inicio\\\/wp-content\\\/uploads\\\/2026\\\/09\\\/WA_1788386021813-scaled.jpg\",\"width\":2560,\"height\":1714},{\"@type\":\"BreadcrumbList\",\"@id\":\"https:\\\/\\\/lpfparana.com.ar\\\/inicio\\\/la-liga-paranaense-avanzo-a-la-proxima-instancia-de-la-copa-pais\\\/#breadcrumb\",\"itemListElement\":[{\"@type\":\"ListItem\",\"position\":1,\"name\":\"Portada\",\"item\":\"http:\\\/\\\/lpfparana.com.ar\\\/inicio\\\/\"},{\"@type\":\"ListItem\",\"position\":2,\"name\":\"La Liga Paranaense avanz\u00f3 a la pr\u00f3xima instancia de la Copa Pa\u00eds\"}]},{\"@type\":\"WebSite\",\"@id\":\"http:\\\/\\\/lpfparana.com.ar\\\/inicio\\\/#website\",\"url\":\"http:\\\/\\\/lpfparana.com.ar\\\/inicio\\\/\",\"name\":\"\",\"description\":\"LPF Paran\u00e1\",\"potentialAction\":[{\"@type\":\"SearchAction\",\"target\":{\"@type\":\"EntryPoint\",\"urlTemplate\":\"http:\\\/\\\/lpfparana.com.ar\\\/inicio\\\/?s={search_term_string}\"},\"query-input\":{\"@type\":\"PropertyValueSpecification\",\"valueRequired\":true,\"valueName\":\"search_term_string\"}}],\"inLanguage\":\"es\"},{\"@type\":\"Person\",\"@id\":\"http:\\\/\\\/lpfparana.com.ar\\\/inicio\\\/#\\\/schema\\\/person\\\/07e09b1ab407955db225d5798fbe3c29\",\"name\":\"Uriel Vazquez\",\"image\":{\"@type\":\"ImageObject\",\"inLanguage\":\"es\",\"@id\":\"https:\\\/\\\/secure.gravatar.com\\\/avatar\\\/6f6434a31569ea3eb181dc2d6f625ccfa8d5d0cd27b2fe7eab38888e37d146f6?s=96&d=mm&r=g\",\"url\":\"https:\\\/\\\/secure.gravatar.com\\\/avatar\\\/6f6434a31569ea3eb181dc2d6f625ccfa8d5d0cd27b2fe7eab38888e37d146f6?s=96&d=mm&r=g\",\"contentUrl\":\"https:\\\/\\\/secure.gravatar.com\\\/avatar\\\/6f6434a31569ea3eb181dc2d6f625ccfa8d5d0cd27b2fe7eab38888e37d146f6?s=96&d=mm&r=g\",\"caption\":\"Uriel Vazquez\"},\"url\":\"http:\\\/\\\/lpfparana.com.ar\\\/inicio\\\/author\\\/uriel\\\/\"}]}<\/script>\n<!-- \/ Yoast SEO Premium plugin. -->","yoast_head_json":{"title":"La Liga Paranaense avanz\u00f3 a la pr\u00f3xima instancia de la Copa Pa\u00eds -","description":"El Selectivo de la Liga Paranaense de F\u00fatbol super\u00f3 a la Liga de Laguna Paiva por un contundente global de 7 a 1 y contin\u00faa en carrera en la Copa Pa\u00eds, competencia organizada por el Consejo Federal de la Asociaci\u00f3n del F\u00fatbol Argentino","robots":{"index":"index","follow":"follow","max-snippet":"max-snippet:-1","max-image-preview":"max-image-preview:large","max-video-preview":"max-video-preview:-1"},"canonical":"https:\/\/lpfparana.com.ar\/inicio\/la-liga-paranaense-avanzo-a-la-proxima-instancia-de-la-copa-pais\/","og_locale":"es_ES","og_type":"article","og_title":"La Liga Paranaense avanz\u00f3 a la pr\u00f3xima instancia de la Copa Pa\u00eds","og_description":"El Selectivo de la Liga Paranaense de F\u00fatbol super\u00f3 a la Liga de Laguna Paiva por un contundente global de 7 a 1 y contin\u00faa en carrera en la Copa Pa\u00eds, competencia organizada por el Consejo Federal de la Asociaci\u00f3n del F\u00fatbol Argentino","og_url":"https:\/\/lpfparana.com.ar\/inicio\/la-liga-paranaense-avanzo-a-la-proxima-instancia-de-la-copa-pais\/","article_published_time":"2026-09-03T18:29:14+00:00","article_modified_time":"2026-09-03T18:29:16+00:00","og_image":[{"width":2560,"height":1714,"url":"http:\/\/lpfparana.com.ar\/inicio\/wp-content\/uploads\/2026\/09\/WA_1788386021813-scaled.jpg","type":"image\/jpeg"}],"author":"Uriel Vazquez","twitter_card":"summary_large_image","twitter_misc":{"Escrito por":"Uriel Vazquez","Tiempo de lectura":"2 minutos"},"schema":{"@context":"https:\/\/schema.org","@graph":[{"@type":"Article","@id":"https:\/\/lpfparana.com.ar\/inicio\/la-liga-paranaense-avanzo-a-la-proxima-instancia-de-la-copa-pais\/#article","isPartOf":{"@id":"https:\/\/lpfparana.com.ar\/inicio\/la-liga-paranaense-avanzo-a-la-proxima-instancia-de-la-copa-pais\/"},"author":{"name":"Uriel Vazquez","@id":"http:\/\/lpfparana.com.ar\/inicio\/#\/schema\/person\/07e09b1ab407955db225d5798fbe3c29"},"headline":"La Liga Paranaense avanz\u00f3 a la pr\u00f3xima instancia de la Copa Pa\u00eds","datePublished":"2026-09-03T18:29:14+00:00","dateModified":"2026-09-03T18:29:16+00:00","mainEntityOfPage":{"@id":"https:\/\/lpfparana.com.ar\/inicio\/la-liga-paranaense-avanzo-a-la-proxima-instancia-de-la-copa-pais\/"},"wordCount":379,"commentCount":0,"image":{"@id":"https:\/\/lpfparana.com.ar\/inicio\/la-liga-paranaense-avanzo-a-la-proxima-instancia-de-la-copa-pais\/#primaryimage"},"thumbnailUrl":"http:\/\/lpfparana.com.ar\/inicio\/wp-content\/uploads\/2026\/09\/WA_1788386021813-scaled.jpg","keywords":["Liga Paranaense de F\u00fatbol","Locos por la Liga"],"articleSection":["Copa Pa\u00eds 2026","Masculino","Noticias","Primera Divisi\u00f3n"],"inLanguage":"es","potentialAction":[{"@type":"CommentAction","name":"Comment","target":["https:\/\/lpfparana.com.ar\/inicio\/la-liga-paranaense-avanzo-a-la-proxima-instancia-de-la-copa-pais\/#respond"]}]},{"@type":"WebPage","@id":"https:\/\/lpfparana.com.ar\/inicio\/la-liga-paranaense-avanzo-a-la-proxima-instancia-de-la-copa-pais\/","url":"https:\/\/lpfparana.com.ar\/inicio\/la-liga-paranaense-avanzo-a-la-proxima-instancia-de-la-copa-pais\/","name":"La Liga Paranaense avanz\u00f3 a la pr\u00f3xima instancia de la Copa Pa\u00eds -","isPartOf":{"@id":"http:\/\/lpfparana.com.ar\/inicio\/#website"},"primaryImageOfPage":{"@id":"https:\/\/lpfparana.com.ar\/inicio\/la-liga-paranaense-avanzo-a-la-proxima-instancia-de-la-copa-pais\/#primaryimage"},"image":{"@id":"https:\/\/lpfparana.com.ar\/inicio\/la-liga-paranaense-avanzo-a-la-proxima-instancia-de-la-copa-pais\/#primaryimage"},"thumbnailUrl":"http:\/\/lpfparana.com.ar\/inicio\/wp-content\/uploads\/2026\/09\/WA_1788386021813-scaled.jpg","datePublished":"2026-09-03T18:29:14+00:00","dateModified":"2026-09-03T18:29:16+00:00","author":{"@id":"http:\/\/lpfparana.com.ar\/inicio\/#\/schema\/person\/07e09b1ab407955db225d5798fbe3c29"},"description":"El Selectivo de la Liga Paranaense de F\u00fatbol super\u00f3 a la Liga de Laguna Paiva por un contundente global de 7 a 1 y contin\u00faa en carrera en la Copa Pa\u00eds, competencia organizada por el Consejo Federal de la Asociaci\u00f3n del F\u00fatbol Argentino","breadcrumb":{"@id":"https:\/\/lpfparana.com.ar\/inicio\/la-liga-paranaense-avanzo-a-la-proxima-instancia-de-la-copa-pais\/#breadcrumb"},"inLanguage":"es","potentialAction":[{"@type":"ReadAction","target":["https:\/\/lpfparana.com.ar\/inicio\/la-liga-paranaense-avanzo-a-la-proxima-instancia-de-la-copa-pais\/"]}]},{"@type":"ImageObject","inLanguage":"es","@id":"https:\/\/lpfparana.com.ar\/inicio\/la-liga-paranaense-avanzo-a-la-proxima-instancia-de-la-copa-pais\/#primaryimage","url":"http:\/\/lpfparana.com.ar\/inicio\/wp-content\/uploads\/2026\/09\/WA_1788386021813-scaled.jpg","contentUrl":"http:\/\/lpfparana.com.ar\/inicio\/wp-content\/uploads\/2026\/09\/WA_1788386021813-scaled.jpg","width":2560,"height":1714},{"@type":"BreadcrumbList","@id":"https:\/\/lpfparana.com.ar\/inicio\/la-liga-paranaense-avanzo-a-la-proxima-instancia-de-la-copa-pais\/#breadcrumb","itemListElement":[{"@type":"ListItem","position":1,"name":"Portada","item":"http:\/\/lpfparana.com.ar\/inicio\/"},{"@type":"ListItem","position":2,"name":"La Liga Paranaense avanz\u00f3 a la pr\u00f3xima instancia de la Copa Pa\u00eds"}]},{"@type":"WebSite","@id":"http:\/\/lpfparana.com.ar\/inicio\/#website","url":"http:\/\/lpfparana.com.ar\/inicio\/","name":"","description":"LPF Paran\u00e1","potentialAction":[{"@type":"SearchAction","target":{"@type":"EntryPoint","urlTemplate":"http:\/\/lpfparana.com.ar\/inicio\/?s={search_term_string}"},"query-input":{"@type":"PropertyValueSpecification","valueRequired":true,"valueName":"search_term_string"}}],"inLanguage":"es"},{"@type":"Person","@id":"http:\/\/lpfparana.com.ar\/inicio\/#\/schema\/person\/07e09b1ab407955db225d5798fbe3c29","name":"Uriel Vazquez","image":{"@type":"ImageObject","inLanguage":"es","@id":"https:\/\/secure.gravatar.com\/avatar\/6f6434a31569ea3eb181dc2d6f625ccfa8d5d0cd27b2fe7eab38888e37d146f6?s=96&d=mm&r=g","url":"https:\/\/secure.gravatar.com\/avatar\/6f6434a31569ea3eb181dc2d6f625ccfa8d5d0cd27b2fe7eab38888e37d146f6?s=96&d=mm&r=g","contentUrl":"https:\/\/secure.gravatar.com\/avatar\/6f6434a31569ea3eb181dc2d6f625ccfa8d5d0cd27b2fe7eab38888e37d146f6?s=96&d=mm&r=g","caption":"Uriel Vazquez"},"url":"http:\/\/lpfparana.com.ar\/inicio\/author\/uriel\/"}]}},"_links":{"self":[{"href":"http:\/\/lpfparana.com.ar\/inicio\/wp-json\/wp\/v2\/posts\/10766","targetHints":{"allow":["GET"]}}],"collection":[{"href":"http:\/\/lpfparana.com.ar\/inicio\/wp-json\/wp\/v2\/posts"}],"about":[{"href":"http:\/\/lpfparana.com.ar\/inicio\/wp-json\/wp\/v2\/types\/post"}],"author":[{"embeddable":true,"href":"http:\/\/lpfparana.com.ar\/inicio\/wp-json\/wp\/v2\/users\/8"}],"replies":[{"embeddable":true,"href":"http:\/\/lpfparana.com.ar\/inicio\/wp-json\/wp\/v2\/comments?post=10766"}],"version-history":[{"count":1,"href":"http:\/\/lpfparana.com.ar\/inicio\/wp-json\/wp\/v2\/posts\/10766\/revisions"}],"predecessor-version":[{"id":10768,"href":"http:\/\/lpfparana.com.ar\/inicio\/wp-json\/wp\/v2\/posts\/10766\/revisions\/10768"}],"wp:featuredmedia":[{"embeddable":true,"href":"http:\/\/lpfparana.com.ar\/inicio\/wp-json\/wp\/v2\/media\/10767"}],"wp:attachment":[{"href":"http:\/\/lpfparana.com.ar\/inicio\/wp-json\/wp\/v2\/media?parent=10766"}],"wp:term":[{"taxonomy":"category","embeddable":true,"href":"http:\/\/lpfparana.com.ar\/inicio\/wp-json\/wp\/v2\/categories?post=10766"},{"taxonomy":"post_tag","embeddable":true,"href":"http:\/\/lpfparana.com.ar\/inicio\/wp-json\/wp\/v2\/tags?post=10766"}],"curies":[{"name":"wp","href":"https:\/\/api.w.org\/{rel}","templated":true}]}}