{"id":10763,"date":"2026-09-03T10:23:21","date_gmt":"2026-09-03T13:23:21","guid":{"rendered":"https:\/\/lpfparana.com.ar\/inicio\/?p=10763"},"modified":"2026-09-03T10:23:25","modified_gmt":"2026-09-03T13:23:25","slug":"don-bosco-gano-y-se-quedo-con-el-subcampeonato-neuquen-cerro-el-torneo-como-campeon-de-la-liga-paranaense","status":"publish","type":"post","link":"http:\/\/lpfparana.com.ar\/inicio\/don-bosco-gano-y-se-quedo-con-el-subcampeonato-neuquen-cerro-el-torneo-como-campeon-de-la-liga-paranaense\/","title":{"rendered":"Don Bosco gan\u00f3 y se qued\u00f3 con el subcampeonato: Neuqu\u00e9n cerr\u00f3 el torneo como campe\u00f3n de la Liga Paranaense"},"content":{"rendered":"\n<p class=\"wp-block-paragraph\"><strong>El Torneo Oficial de la Liga Paranaense de F\u00fatbol lleg\u00f3 a su final este mi\u00e9rcoles con la disputa de la \u00faltima fecha del primer semestre. Don Bosco venci\u00f3 4 a 1 a Cicl\u00f3n del Sur y asegur\u00f3 el subcampeonato. Neuqu\u00e9n fue el campe\u00f3n con 46 puntos, mientras que Oro Verde termin\u00f3 tercero y Sportivo Urquiza cuarto, ambos con 37 unidades.<\/strong><\/p>\n\n\n\n<p class=\"wp-block-paragraph\">El Torneo Oficial de la Liga Paranaense de F\u00fatbol lleg\u00f3 a su final este mi\u00e9rcoles con la disputa de la \u00faltima fecha del primer semestre. La jornada defini\u00f3 las posiciones finales de una competencia que tuvo a&nbsp;<strong>Neuqu\u00e9n como campe\u00f3n<\/strong>&nbsp;y a&nbsp;<strong>Don Bosco como subcampe\u00f3n<\/strong>.<\/p>\n\n\n\n<p class=\"wp-block-paragraph\">Don Bosco cerr\u00f3 el campeonato con una contundente victoria por&nbsp;<strong>4 a 1 ante Cicl\u00f3n del Sur<\/strong>&nbsp;y, gracias a ese resultado, alcanz\u00f3 los&nbsp;<strong>39 puntos<\/strong>&nbsp;y se asegur\u00f3 el segundo puesto.<\/p>\n\n\n\n<p class=\"wp-block-paragraph\">El tercer lugar qued\u00f3 en manos de&nbsp;<strong>Oro Verde<\/strong>, que finaliz\u00f3 con&nbsp;<strong>37 unidades<\/strong>, la misma cantidad que&nbsp;<strong>Sportivo Urquiza<\/strong>. Sin embargo, Oro Verde qued\u00f3 por encima en la tabla debido a que se impuso en el partido disputado entre ambos equipos.<\/p>\n\n\n\n<h2 id=\"h-neuquen-campeon-de-la-liga-paranaense\" class=\"wp-block-heading\"><strong>Neuqu\u00e9n campe\u00f3n de la Liga Paranaense<\/strong><\/h2>\n\n\n\n<p class=\"wp-block-paragraph\">El gran campe\u00f3n ya estaba definido desde varias fechas antes.&nbsp;<strong>Neuqu\u00e9n se consagr\u00f3 campe\u00f3n del Torneo Oficial de la Liga Paranaense<\/strong>&nbsp;y termin\u00f3 en lo m\u00e1s alto de la tabla con&nbsp;<strong>46 puntos<\/strong>, coronando una campa\u00f1a que le permiti\u00f3 sacar una diferencia importante sobre sus principales perseguidores.<\/p>\n\n\n\n<p class=\"wp-block-paragraph\">Durante las 17 fechas, el conjunto neuquino fue uno de los grandes protagonistas del campeonato y termin\u00f3 celebrando un nuevo t\u00edtulo en el f\u00fatbol liguista.<\/p>\n\n\n\n<p class=\"wp-block-paragraph\">Detr\u00e1s apareci\u00f3 Don Bosco, que con su triunfo en la \u00faltima jornada alcanz\u00f3 los 39 puntos y confirm\u00f3 el subcampeonato.<\/p>\n\n\n\n<h2 id=\"h-oro-verde-termino-tercero-y-sportivo-urquiza-cuarto\" class=\"wp-block-heading\"><strong>Oro Verde termin\u00f3 tercero y Sportivo Urquiza cuarto<\/strong><\/h2>\n\n\n\n<p class=\"wp-block-paragraph\">Uno de los puntos destacados del cierre del torneo fue la definici\u00f3n entre&nbsp;<strong>Oro Verde y Sportivo Urquiza<\/strong>.<\/p>\n\n\n\n<p class=\"wp-block-paragraph\">Ambos equipos terminaron con&nbsp;<strong>37 puntos<\/strong>, pero el reglamento estableci\u00f3 el desempate a favor de Oro Verde, que hab\u00eda conseguido quedarse con el enfrentamiento entre ambos durante el campeonato.<\/p>\n\n\n\n<p class=\"wp-block-paragraph\">De esta manera,&nbsp;<strong>Oro Verde finaliz\u00f3 tercero<\/strong>, mientras que&nbsp;<strong>Sportivo Urquiza termin\u00f3 cuarto<\/strong>.<\/p>\n\n\n\n<p class=\"wp-block-paragraph\">El equipo dirigido nuevamente por&nbsp;<strong>Pablo Su\u00e1rez<\/strong>&nbsp;protagoniz\u00f3 otra muy buena temporada y se mantuvo durante todo el campeonato entre los principales animadores.<\/p>\n\n\n\n<p class=\"wp-block-paragraph\">Sportivo Urquiza, por su parte, tambi\u00e9n tuvo una destacada actuaci\u00f3n y volvi\u00f3 a demostrar su competitividad, peleando por los primeros lugares hasta el cierre.<\/p>\n\n\n\n<h2 id=\"h-universitario-y-belgrano-protagonistas\" class=\"wp-block-heading\"><strong>Universitario y Belgrano, protagonistas<\/strong><\/h2>\n\n\n\n<p class=\"wp-block-paragraph\">Otro de los equipos que tuvo una campa\u00f1a importante fue&nbsp;<strong>Universitario<\/strong>. Los dirigidos por&nbsp;<strong>Jorge Mone Escobue<\/strong>&nbsp;sumaron&nbsp;<strong>34 puntos<\/strong>&nbsp;y se mantuvieron expectantes durante buena parte del torneo.<\/p>\n\n\n\n<p class=\"wp-block-paragraph\"><strong>Belgrano<\/strong>, por su parte, contin\u00faa atravesando un proceso de renovaci\u00f3n de su plantel, pero logr\u00f3 mantenerse firme en la competencia y cerr\u00f3 el campeonato con&nbsp;<strong>33 unidades<\/strong>, demostrando que puede volver a ser protagonista en las pr\u00f3ximas etapas.<\/p>\n\n\n\n<h2 id=\"h-instituto-y-vf-dos-campanas-para-destacar\" class=\"wp-block-heading\"><strong>Instituto y VF, dos campa\u00f1as para destacar<\/strong><\/h2>\n\n\n\n<p class=\"wp-block-paragraph\">Entre las actuaciones que tambi\u00e9n merecen una menci\u00f3n aparece&nbsp;<strong>Instituto<\/strong>, que tuvo un torneo positivo y logr\u00f3 mantenerse entre los equipos que buscaron los primeros puestos.<\/p>\n\n\n\n<p class=\"wp-block-paragraph\">Los de Villa Uranga, con&nbsp;<strong>Agust\u00edn Barrera y su cuerpo t\u00e9cnico<\/strong>&nbsp;al frente, construyeron una campa\u00f1a que dej\u00f3 buenas sensaciones y que sirve como referencia para lo que viene.<\/p>\n\n\n\n<p class=\"wp-block-paragraph\">Tambi\u00e9n fue para destacar la primera participaci\u00f3n de&nbsp;<strong>VF<\/strong>&nbsp;en la competencia liguista. El equipo cerr\u00f3 su estreno de gran manera y consigui\u00f3 ubicarse entre los primeros diez, dejando una buena imagen en su primera experiencia en la Liga Paranaense.<\/p>\n\n\n\n<h2 id=\"h-triple-empate-en-la-tabla-de-goleadores\" class=\"wp-block-heading\"><strong>Triple empate en la tabla de goleadores<\/strong><\/h2>\n\n\n\n<p class=\"wp-block-paragraph\">El campeonato tambi\u00e9n dej\u00f3 una particularidad en la lucha por ser el m\u00e1ximo artillero.<\/p>\n\n\n\n<p class=\"wp-block-paragraph\">Una vez disputadas las 17 fechas del Torneo Oficial de Primera Divisi\u00f3n,&nbsp;<strong>tres futbolistas terminaron igualados en lo m\u00e1s alto de la tabla de goleadores con 10 tantos cada uno<\/strong>.<\/p>\n\n\n\n<h3 id=\"h-los-goleadores-del-torneo\" class=\"wp-block-heading\"><strong>Los goleadores del torneo<\/strong><\/h3>\n\n\n\n<p class=\"wp-block-paragraph\"><img decoding=\"async\" alt=\"&#x1f947;\" src=\"https:\/\/fonts.gstatic.com\/s\/e\/notoemoji\/17.0\/1f947\/72.png\">&nbsp;<strong>Rodrigo Carreras \u2014 Sportivo Urquiza:<\/strong>&nbsp;10 goles<br><img decoding=\"async\" alt=\"&#x1f947;\" src=\"https:\/\/fonts.gstatic.com\/s\/e\/notoemoji\/17.0\/1f947\/72.png\">&nbsp;<strong>Federico Sangoy \u2014 Neuqu\u00e9n:<\/strong>&nbsp;10 goles<br><img decoding=\"async\" alt=\"&#x1f947;\" src=\"https:\/\/fonts.gstatic.com\/s\/e\/notoemoji\/17.0\/1f947\/72.png\">&nbsp;<strong>Isa\u00edas Schneider \u2014 Don Bosco:<\/strong>&nbsp;10 goles<\/p>\n\n\n\n<p class=\"wp-block-paragraph\">Muy cerca qued\u00f3&nbsp;<strong>Tom\u00e1s Garc\u00eda, de El Ping\u00fcino<\/strong>, quien finaliz\u00f3 con 9 goles.<\/p>\n\n\n\n<p class=\"wp-block-paragraph\">La igualdad entre Carreras, Sangoy y Schneider le puso un condimento especial al cierre de la competencia y reflej\u00f3 tambi\u00e9n el poder ofensivo de tres equipos que fueron protagonistas durante el campeonato.<\/p>\n\n\n\n<h2 id=\"h-la-liga-paranaense-ya-piensa-en-el-proximo-torneo\" class=\"wp-block-heading\"><strong>La Liga Paranaense ya piensa en el pr\u00f3ximo torneo<\/strong><\/h2>\n\n\n\n<p class=\"wp-block-paragraph\">Con el cierre del primer semestre, la&nbsp;<strong>Liga Paranaense de F\u00fatbol<\/strong>&nbsp;comienza a preparar una nueva competencia. El pr\u00f3ximo torneo tendr\u00e1 un formato dividido en zonas y promete mantener la intensidad que mostr\u00f3 el campeonato que acaba de finalizar.<\/p>\n\n\n\n<p class=\"wp-block-paragraph\"><strong>Neuqu\u00e9n ya tiene su t\u00edtulo, Don Bosco celebra el subcampeonato, Oro Verde se qued\u00f3 con el tercer puesto y Sportivo Urquiza termin\u00f3 cuarto<\/strong>, mientras que el resto de los equipos comienza a pensar en nuevos objetivos.<\/p>\n\n\n\n<p class=\"wp-block-paragraph\">El f\u00fatbol liguista de Paran\u00e1 cerr\u00f3 as\u00ed una primera parte del a\u00f1o con competencia, protagonistas, goleadores y nuevos equipos que buscan ganarse un lugar entre los mejores.<\/p>\n","protected":false},"excerpt":{"rendered":"<p>El Torneo Oficial de la Liga Paranaense de F\u00fatbol lleg\u00f3 a su final este mi\u00e9rcoles con la disputa de la \u00faltima fecha del primer semestre. Don Bosco venci\u00f3 4 a 1 a Cicl\u00f3n del Sur y asegur\u00f3 el subcampeonato. Neuqu\u00e9n fue el campe\u00f3n con 46 puntos, mientras que Oro Verde termin\u00f3 tercero y Sportivo Urquiza&#8230;<\/p>\n","protected":false},"author":6,"featured_media":10764,"comment_status":"open","ping_status":"open","sticky":false,"template":"","format":"standard","meta":{"footnotes":""},"categories":[8,2,3],"tags":[78,293,106],"class_list":["post-10763","post","type-post","status-publish","format-standard","has-post-thumbnail","hentry","category-masculino","category-noticias","category-primera-division","tag-fm-litoral","tag-liga-paranaense-de-futbol","tag-locos-por-la-liga"],"featured_image_src":"http:\/\/lpfparana.com.ar\/inicio\/wp-content\/uploads\/2026\/09\/IMG_7879-1.jpeg","author_info":{"display_name":"Juan Manuel Fernandez","author_link":"http:\/\/lpfparana.com.ar\/inicio\/author\/juanma\/"},"yoast_head":"<!-- This site is optimized with the Yoast SEO Premium plugin v27.8 (Yoast SEO v28.3) - https:\/\/yoast.com\/product\/yoast-seo-premium-wordpress\/ -->\n<title>Don Bosco gan\u00f3 y se qued\u00f3 con el subcampeonato: Neuqu\u00e9n cerr\u00f3 el torneo como campe\u00f3n de la Liga Paranaense -<\/title>\n<meta name=\"robots\" content=\"index, follow, max-snippet:-1, max-image-preview:large, max-video-preview:-1\" \/>\n<link rel=\"canonical\" href=\"https:\/\/lpfparana.com.ar\/inicio\/don-bosco-gano-y-se-quedo-con-el-subcampeonato-neuquen-cerro-el-torneo-como-campeon-de-la-liga-paranaense\/\" \/>\n<meta property=\"og:locale\" content=\"es_ES\" \/>\n<meta property=\"og:type\" content=\"article\" \/>\n<meta property=\"og:title\" content=\"Don Bosco gan\u00f3 y se qued\u00f3 con el subcampeonato: Neuqu\u00e9n cerr\u00f3 el torneo como campe\u00f3n de la Liga Paranaense\" \/>\n<meta property=\"og:description\" content=\"El Torneo Oficial de la Liga Paranaense de F\u00fatbol lleg\u00f3 a su final este mi\u00e9rcoles con la disputa de la \u00faltima fecha del primer semestre. Don Bosco venci\u00f3 4 a 1 a Cicl\u00f3n del Sur y asegur\u00f3 el subcampeonato. Neuqu\u00e9n fue el campe\u00f3n con 46 puntos, mientras que Oro Verde termin\u00f3 tercero y Sportivo Urquiza...\" \/>\n<meta property=\"og:url\" content=\"https:\/\/lpfparana.com.ar\/inicio\/don-bosco-gano-y-se-quedo-con-el-subcampeonato-neuquen-cerro-el-torneo-como-campeon-de-la-liga-paranaense\/\" \/>\n<meta property=\"article:published_time\" content=\"2026-09-03T13:23:21+00:00\" \/>\n<meta property=\"article:modified_time\" content=\"2026-09-03T13:23:25+00:00\" \/>\n<meta property=\"og:image\" content=\"http:\/\/lpfparana.com.ar\/inicio\/wp-content\/uploads\/2026\/09\/IMG_7879-1.jpeg\" \/>\n\t<meta property=\"og:image:width\" content=\"2048\" \/>\n\t<meta property=\"og:image:height\" content=\"1362\" \/>\n\t<meta property=\"og:image:type\" content=\"image\/jpeg\" \/>\n<meta name=\"author\" content=\"Juan Manuel Fernandez\" \/>\n<meta name=\"twitter:card\" content=\"summary_large_image\" \/>\n<meta name=\"twitter:label1\" content=\"Escrito por\" \/>\n\t<meta name=\"twitter:data1\" content=\"Juan Manuel Fernandez\" \/>\n\t<meta name=\"twitter:label2\" content=\"Tiempo de lectura\" \/>\n\t<meta name=\"twitter:data2\" content=\"5 minutos\" \/>\n<script type=\"application\/ld+json\" class=\"yoast-schema-graph\">{\"@context\":\"https:\\\/\\\/schema.org\",\"@graph\":[{\"@type\":\"Article\",\"@id\":\"https:\\\/\\\/lpfparana.com.ar\\\/inicio\\\/don-bosco-gano-y-se-quedo-con-el-subcampeonato-neuquen-cerro-el-torneo-como-campeon-de-la-liga-paranaense\\\/#article\",\"isPartOf\":{\"@id\":\"https:\\\/\\\/lpfparana.com.ar\\\/inicio\\\/don-bosco-gano-y-se-quedo-con-el-subcampeonato-neuquen-cerro-el-torneo-como-campeon-de-la-liga-paranaense\\\/\"},\"author\":{\"name\":\"Juan Manuel Fernandez\",\"@id\":\"http:\\\/\\\/lpfparana.com.ar\\\/inicio\\\/#\\\/schema\\\/person\\\/5db3866b404cb9672f70c499a9ede0e1\"},\"headline\":\"Don Bosco gan\u00f3 y se qued\u00f3 con el subcampeonato: Neuqu\u00e9n cerr\u00f3 el torneo como campe\u00f3n de la Liga Paranaense\",\"datePublished\":\"2026-09-03T13:23:21+00:00\",\"dateModified\":\"2026-09-03T13:23:25+00:00\",\"mainEntityOfPage\":{\"@id\":\"https:\\\/\\\/lpfparana.com.ar\\\/inicio\\\/don-bosco-gano-y-se-quedo-con-el-subcampeonato-neuquen-cerro-el-torneo-como-campeon-de-la-liga-paranaense\\\/\"},\"wordCount\":890,\"commentCount\":0,\"image\":{\"@id\":\"https:\\\/\\\/lpfparana.com.ar\\\/inicio\\\/don-bosco-gano-y-se-quedo-con-el-subcampeonato-neuquen-cerro-el-torneo-como-campeon-de-la-liga-paranaense\\\/#primaryimage\"},\"thumbnailUrl\":\"http:\\\/\\\/lpfparana.com.ar\\\/inicio\\\/wp-content\\\/uploads\\\/2026\\\/09\\\/IMG_7879-1.jpeg\",\"keywords\":[\"FM Litoral\",\"Liga Paranaense de F\u00fatbol\",\"Locos por la Liga\"],\"articleSection\":[\"Masculino\",\"Noticias\",\"Primera Divisi\u00f3n\"],\"inLanguage\":\"es\",\"potentialAction\":[{\"@type\":\"CommentAction\",\"name\":\"Comment\",\"target\":[\"https:\\\/\\\/lpfparana.com.ar\\\/inicio\\\/don-bosco-gano-y-se-quedo-con-el-subcampeonato-neuquen-cerro-el-torneo-como-campeon-de-la-liga-paranaense\\\/#respond\"]}]},{\"@type\":\"WebPage\",\"@id\":\"https:\\\/\\\/lpfparana.com.ar\\\/inicio\\\/don-bosco-gano-y-se-quedo-con-el-subcampeonato-neuquen-cerro-el-torneo-como-campeon-de-la-liga-paranaense\\\/\",\"url\":\"https:\\\/\\\/lpfparana.com.ar\\\/inicio\\\/don-bosco-gano-y-se-quedo-con-el-subcampeonato-neuquen-cerro-el-torneo-como-campeon-de-la-liga-paranaense\\\/\",\"name\":\"Don Bosco gan\u00f3 y se qued\u00f3 con el subcampeonato: Neuqu\u00e9n cerr\u00f3 el torneo como campe\u00f3n de la Liga Paranaense -\",\"isPartOf\":{\"@id\":\"http:\\\/\\\/lpfparana.com.ar\\\/inicio\\\/#website\"},\"primaryImageOfPage\":{\"@id\":\"https:\\\/\\\/lpfparana.com.ar\\\/inicio\\\/don-bosco-gano-y-se-quedo-con-el-subcampeonato-neuquen-cerro-el-torneo-como-campeon-de-la-liga-paranaense\\\/#primaryimage\"},\"image\":{\"@id\":\"https:\\\/\\\/lpfparana.com.ar\\\/inicio\\\/don-bosco-gano-y-se-quedo-con-el-subcampeonato-neuquen-cerro-el-torneo-como-campeon-de-la-liga-paranaense\\\/#primaryimage\"},\"thumbnailUrl\":\"http:\\\/\\\/lpfparana.com.ar\\\/inicio\\\/wp-content\\\/uploads\\\/2026\\\/09\\\/IMG_7879-1.jpeg\",\"datePublished\":\"2026-09-03T13:23:21+00:00\",\"dateModified\":\"2026-09-03T13:23:25+00:00\",\"author\":{\"@id\":\"http:\\\/\\\/lpfparana.com.ar\\\/inicio\\\/#\\\/schema\\\/person\\\/5db3866b404cb9672f70c499a9ede0e1\"},\"breadcrumb\":{\"@id\":\"https:\\\/\\\/lpfparana.com.ar\\\/inicio\\\/don-bosco-gano-y-se-quedo-con-el-subcampeonato-neuquen-cerro-el-torneo-como-campeon-de-la-liga-paranaense\\\/#breadcrumb\"},\"inLanguage\":\"es\",\"potentialAction\":[{\"@type\":\"ReadAction\",\"target\":[\"https:\\\/\\\/lpfparana.com.ar\\\/inicio\\\/don-bosco-gano-y-se-quedo-con-el-subcampeonato-neuquen-cerro-el-torneo-como-campeon-de-la-liga-paranaense\\\/\"]}]},{\"@type\":\"ImageObject\",\"inLanguage\":\"es\",\"@id\":\"https:\\\/\\\/lpfparana.com.ar\\\/inicio\\\/don-bosco-gano-y-se-quedo-con-el-subcampeonato-neuquen-cerro-el-torneo-como-campeon-de-la-liga-paranaense\\\/#primaryimage\",\"url\":\"http:\\\/\\\/lpfparana.com.ar\\\/inicio\\\/wp-content\\\/uploads\\\/2026\\\/09\\\/IMG_7879-1.jpeg\",\"contentUrl\":\"http:\\\/\\\/lpfparana.com.ar\\\/inicio\\\/wp-content\\\/uploads\\\/2026\\\/09\\\/IMG_7879-1.jpeg\",\"width\":2048,\"height\":1362},{\"@type\":\"BreadcrumbList\",\"@id\":\"https:\\\/\\\/lpfparana.com.ar\\\/inicio\\\/don-bosco-gano-y-se-quedo-con-el-subcampeonato-neuquen-cerro-el-torneo-como-campeon-de-la-liga-paranaense\\\/#breadcrumb\",\"itemListElement\":[{\"@type\":\"ListItem\",\"position\":1,\"name\":\"Portada\",\"item\":\"http:\\\/\\\/lpfparana.com.ar\\\/inicio\\\/\"},{\"@type\":\"ListItem\",\"position\":2,\"name\":\"Don Bosco gan\u00f3 y se qued\u00f3 con el subcampeonato: Neuqu\u00e9n cerr\u00f3 el torneo como campe\u00f3n de la Liga Paranaense\"}]},{\"@type\":\"WebSite\",\"@id\":\"http:\\\/\\\/lpfparana.com.ar\\\/inicio\\\/#website\",\"url\":\"http:\\\/\\\/lpfparana.com.ar\\\/inicio\\\/\",\"name\":\"\",\"description\":\"LPF Paran\u00e1\",\"potentialAction\":[{\"@type\":\"SearchAction\",\"target\":{\"@type\":\"EntryPoint\",\"urlTemplate\":\"http:\\\/\\\/lpfparana.com.ar\\\/inicio\\\/?s={search_term_string}\"},\"query-input\":{\"@type\":\"PropertyValueSpecification\",\"valueRequired\":true,\"valueName\":\"search_term_string\"}}],\"inLanguage\":\"es\"},{\"@type\":\"Person\",\"@id\":\"http:\\\/\\\/lpfparana.com.ar\\\/inicio\\\/#\\\/schema\\\/person\\\/5db3866b404cb9672f70c499a9ede0e1\",\"name\":\"Juan Manuel Fernandez\",\"image\":{\"@type\":\"ImageObject\",\"inLanguage\":\"es\",\"@id\":\"https:\\\/\\\/secure.gravatar.com\\\/avatar\\\/b9ded3b46d997a47d4ffae36e85d6b17e879993cc483e0eae0cf69b9c53626e9?s=96&d=mm&r=g\",\"url\":\"https:\\\/\\\/secure.gravatar.com\\\/avatar\\\/b9ded3b46d997a47d4ffae36e85d6b17e879993cc483e0eae0cf69b9c53626e9?s=96&d=mm&r=g\",\"contentUrl\":\"https:\\\/\\\/secure.gravatar.com\\\/avatar\\\/b9ded3b46d997a47d4ffae36e85d6b17e879993cc483e0eae0cf69b9c53626e9?s=96&d=mm&r=g\",\"caption\":\"Juan Manuel Fernandez\"},\"url\":\"http:\\\/\\\/lpfparana.com.ar\\\/inicio\\\/author\\\/juanma\\\/\"}]}<\/script>\n<!-- \/ Yoast SEO Premium plugin. -->","yoast_head_json":{"title":"Don Bosco gan\u00f3 y se qued\u00f3 con el subcampeonato: Neuqu\u00e9n cerr\u00f3 el torneo como campe\u00f3n de la Liga Paranaense -","robots":{"index":"index","follow":"follow","max-snippet":"max-snippet:-1","max-image-preview":"max-image-preview:large","max-video-preview":"max-video-preview:-1"},"canonical":"https:\/\/lpfparana.com.ar\/inicio\/don-bosco-gano-y-se-quedo-con-el-subcampeonato-neuquen-cerro-el-torneo-como-campeon-de-la-liga-paranaense\/","og_locale":"es_ES","og_type":"article","og_title":"Don Bosco gan\u00f3 y se qued\u00f3 con el subcampeonato: Neuqu\u00e9n cerr\u00f3 el torneo como campe\u00f3n de la Liga Paranaense","og_description":"El Torneo Oficial de la Liga Paranaense de F\u00fatbol lleg\u00f3 a su final este mi\u00e9rcoles con la disputa de la \u00faltima fecha del primer semestre. Don Bosco venci\u00f3 4 a 1 a Cicl\u00f3n del Sur y asegur\u00f3 el subcampeonato. Neuqu\u00e9n fue el campe\u00f3n con 46 puntos, mientras que Oro Verde termin\u00f3 tercero y Sportivo Urquiza...","og_url":"https:\/\/lpfparana.com.ar\/inicio\/don-bosco-gano-y-se-quedo-con-el-subcampeonato-neuquen-cerro-el-torneo-como-campeon-de-la-liga-paranaense\/","article_published_time":"2026-09-03T13:23:21+00:00","article_modified_time":"2026-09-03T13:23:25+00:00","og_image":[{"width":2048,"height":1362,"url":"http:\/\/lpfparana.com.ar\/inicio\/wp-content\/uploads\/2026\/09\/IMG_7879-1.jpeg","type":"image\/jpeg"}],"author":"Juan Manuel Fernandez","twitter_card":"summary_large_image","twitter_misc":{"Escrito por":"Juan Manuel Fernandez","Tiempo de lectura":"5 minutos"},"schema":{"@context":"https:\/\/schema.org","@graph":[{"@type":"Article","@id":"https:\/\/lpfparana.com.ar\/inicio\/don-bosco-gano-y-se-quedo-con-el-subcampeonato-neuquen-cerro-el-torneo-como-campeon-de-la-liga-paranaense\/#article","isPartOf":{"@id":"https:\/\/lpfparana.com.ar\/inicio\/don-bosco-gano-y-se-quedo-con-el-subcampeonato-neuquen-cerro-el-torneo-como-campeon-de-la-liga-paranaense\/"},"author":{"name":"Juan Manuel Fernandez","@id":"http:\/\/lpfparana.com.ar\/inicio\/#\/schema\/person\/5db3866b404cb9672f70c499a9ede0e1"},"headline":"Don Bosco gan\u00f3 y se qued\u00f3 con el subcampeonato: Neuqu\u00e9n cerr\u00f3 el torneo como campe\u00f3n de la Liga Paranaense","datePublished":"2026-09-03T13:23:21+00:00","dateModified":"2026-09-03T13:23:25+00:00","mainEntityOfPage":{"@id":"https:\/\/lpfparana.com.ar\/inicio\/don-bosco-gano-y-se-quedo-con-el-subcampeonato-neuquen-cerro-el-torneo-como-campeon-de-la-liga-paranaense\/"},"wordCount":890,"commentCount":0,"image":{"@id":"https:\/\/lpfparana.com.ar\/inicio\/don-bosco-gano-y-se-quedo-con-el-subcampeonato-neuquen-cerro-el-torneo-como-campeon-de-la-liga-paranaense\/#primaryimage"},"thumbnailUrl":"http:\/\/lpfparana.com.ar\/inicio\/wp-content\/uploads\/2026\/09\/IMG_7879-1.jpeg","keywords":["FM Litoral","Liga Paranaense de F\u00fatbol","Locos por la Liga"],"articleSection":["Masculino","Noticias","Primera Divisi\u00f3n"],"inLanguage":"es","potentialAction":[{"@type":"CommentAction","name":"Comment","target":["https:\/\/lpfparana.com.ar\/inicio\/don-bosco-gano-y-se-quedo-con-el-subcampeonato-neuquen-cerro-el-torneo-como-campeon-de-la-liga-paranaense\/#respond"]}]},{"@type":"WebPage","@id":"https:\/\/lpfparana.com.ar\/inicio\/don-bosco-gano-y-se-quedo-con-el-subcampeonato-neuquen-cerro-el-torneo-como-campeon-de-la-liga-paranaense\/","url":"https:\/\/lpfparana.com.ar\/inicio\/don-bosco-gano-y-se-quedo-con-el-subcampeonato-neuquen-cerro-el-torneo-como-campeon-de-la-liga-paranaense\/","name":"Don Bosco gan\u00f3 y se qued\u00f3 con el subcampeonato: Neuqu\u00e9n cerr\u00f3 el torneo como campe\u00f3n de la Liga Paranaense -","isPartOf":{"@id":"http:\/\/lpfparana.com.ar\/inicio\/#website"},"primaryImageOfPage":{"@id":"https:\/\/lpfparana.com.ar\/inicio\/don-bosco-gano-y-se-quedo-con-el-subcampeonato-neuquen-cerro-el-torneo-como-campeon-de-la-liga-paranaense\/#primaryimage"},"image":{"@id":"https:\/\/lpfparana.com.ar\/inicio\/don-bosco-gano-y-se-quedo-con-el-subcampeonato-neuquen-cerro-el-torneo-como-campeon-de-la-liga-paranaense\/#primaryimage"},"thumbnailUrl":"http:\/\/lpfparana.com.ar\/inicio\/wp-content\/uploads\/2026\/09\/IMG_7879-1.jpeg","datePublished":"2026-09-03T13:23:21+00:00","dateModified":"2026-09-03T13:23:25+00:00","author":{"@id":"http:\/\/lpfparana.com.ar\/inicio\/#\/schema\/person\/5db3866b404cb9672f70c499a9ede0e1"},"breadcrumb":{"@id":"https:\/\/lpfparana.com.ar\/inicio\/don-bosco-gano-y-se-quedo-con-el-subcampeonato-neuquen-cerro-el-torneo-como-campeon-de-la-liga-paranaense\/#breadcrumb"},"inLanguage":"es","potentialAction":[{"@type":"ReadAction","target":["https:\/\/lpfparana.com.ar\/inicio\/don-bosco-gano-y-se-quedo-con-el-subcampeonato-neuquen-cerro-el-torneo-como-campeon-de-la-liga-paranaense\/"]}]},{"@type":"ImageObject","inLanguage":"es","@id":"https:\/\/lpfparana.com.ar\/inicio\/don-bosco-gano-y-se-quedo-con-el-subcampeonato-neuquen-cerro-el-torneo-como-campeon-de-la-liga-paranaense\/#primaryimage","url":"http:\/\/lpfparana.com.ar\/inicio\/wp-content\/uploads\/2026\/09\/IMG_7879-1.jpeg","contentUrl":"http:\/\/lpfparana.com.ar\/inicio\/wp-content\/uploads\/2026\/09\/IMG_7879-1.jpeg","width":2048,"height":1362},{"@type":"BreadcrumbList","@id":"https:\/\/lpfparana.com.ar\/inicio\/don-bosco-gano-y-se-quedo-con-el-subcampeonato-neuquen-cerro-el-torneo-como-campeon-de-la-liga-paranaense\/#breadcrumb","itemListElement":[{"@type":"ListItem","position":1,"name":"Portada","item":"http:\/\/lpfparana.com.ar\/inicio\/"},{"@type":"ListItem","position":2,"name":"Don Bosco gan\u00f3 y se qued\u00f3 con el subcampeonato: Neuqu\u00e9n cerr\u00f3 el torneo como campe\u00f3n de la Liga Paranaense"}]},{"@type":"WebSite","@id":"http:\/\/lpfparana.com.ar\/inicio\/#website","url":"http:\/\/lpfparana.com.ar\/inicio\/","name":"","description":"LPF Paran\u00e1","potentialAction":[{"@type":"SearchAction","target":{"@type":"EntryPoint","urlTemplate":"http:\/\/lpfparana.com.ar\/inicio\/?s={search_term_string}"},"query-input":{"@type":"PropertyValueSpecification","valueRequired":true,"valueName":"search_term_string"}}],"inLanguage":"es"},{"@type":"Person","@id":"http:\/\/lpfparana.com.ar\/inicio\/#\/schema\/person\/5db3866b404cb9672f70c499a9ede0e1","name":"Juan Manuel Fernandez","image":{"@type":"ImageObject","inLanguage":"es","@id":"https:\/\/secure.gravatar.com\/avatar\/b9ded3b46d997a47d4ffae36e85d6b17e879993cc483e0eae0cf69b9c53626e9?s=96&d=mm&r=g","url":"https:\/\/secure.gravatar.com\/avatar\/b9ded3b46d997a47d4ffae36e85d6b17e879993cc483e0eae0cf69b9c53626e9?s=96&d=mm&r=g","contentUrl":"https:\/\/secure.gravatar.com\/avatar\/b9ded3b46d997a47d4ffae36e85d6b17e879993cc483e0eae0cf69b9c53626e9?s=96&d=mm&r=g","caption":"Juan Manuel Fernandez"},"url":"http:\/\/lpfparana.com.ar\/inicio\/author\/juanma\/"}]}},"_links":{"self":[{"href":"http:\/\/lpfparana.com.ar\/inicio\/wp-json\/wp\/v2\/posts\/10763","targetHints":{"allow":["GET"]}}],"collection":[{"href":"http:\/\/lpfparana.com.ar\/inicio\/wp-json\/wp\/v2\/posts"}],"about":[{"href":"http:\/\/lpfparana.com.ar\/inicio\/wp-json\/wp\/v2\/types\/post"}],"author":[{"embeddable":true,"href":"http:\/\/lpfparana.com.ar\/inicio\/wp-json\/wp\/v2\/users\/6"}],"replies":[{"embeddable":true,"href":"http:\/\/lpfparana.com.ar\/inicio\/wp-json\/wp\/v2\/comments?post=10763"}],"version-history":[{"count":1,"href":"http:\/\/lpfparana.com.ar\/inicio\/wp-json\/wp\/v2\/posts\/10763\/revisions"}],"predecessor-version":[{"id":10765,"href":"http:\/\/lpfparana.com.ar\/inicio\/wp-json\/wp\/v2\/posts\/10763\/revisions\/10765"}],"wp:featuredmedia":[{"embeddable":true,"href":"http:\/\/lpfparana.com.ar\/inicio\/wp-json\/wp\/v2\/media\/10764"}],"wp:attachment":[{"href":"http:\/\/lpfparana.com.ar\/inicio\/wp-json\/wp\/v2\/media?parent=10763"}],"wp:term":[{"taxonomy":"category","embeddable":true,"href":"http:\/\/lpfparana.com.ar\/inicio\/wp-json\/wp\/v2\/categories?post=10763"},{"taxonomy":"post_tag","embeddable":true,"href":"http:\/\/lpfparana.com.ar\/inicio\/wp-json\/wp\/v2\/tags?post=10763"}],"curies":[{"name":"wp","href":"https:\/\/api.w.org\/{rel}","templated":true}]}}