{"id":10721,"date":"2026-08-31T12:00:05","date_gmt":"2026-08-31T15:00:05","guid":{"rendered":"https:\/\/lpfparana.com.ar\/inicio\/?p=10721"},"modified":"2026-08-31T12:00:08","modified_gmt":"2026-08-31T15:00:08","slug":"el-predio-de-la-lpf-vivio-una-verdadera-fiesta-con-el-provincial-de-clubes","status":"publish","type":"post","link":"http:\/\/lpfparana.com.ar\/inicio\/el-predio-de-la-lpf-vivio-una-verdadera-fiesta-con-el-provincial-de-clubes\/","title":{"rendered":"El Predio de la LPF vivi\u00f3 una verdadera fiesta con el Provincial de Clubes"},"content":{"rendered":"\n<p class=\"wp-block-paragraph\"><strong>Naranjitos FC, Comercio de La Paz y Palermo se consagraron campeones en las distintas copas disputadas durante el fin de semana. La competencia fue organizada por la Federaci\u00f3n Entrerriana de F\u00fatbol y cont\u00f3 con el acompa\u00f1amiento de la Liga Paranaense de F\u00fatbol.<\/strong><\/p>\n\n\n\n<p class=\"wp-block-paragraph\">El Predio de la Liga Paranaense de F\u00fatbol fue escenario durante este fin de semana de una nueva gran jornada del f\u00fatbol provincial, con la disputa del <strong>Provincial de Clubes<\/strong>, organizado por la Federaci\u00f3n Entrerriana de F\u00fatbol y acompa\u00f1ado por la LPF.<\/p>\n\n\n\n<p class=\"wp-block-paragraph\">En la <strong>categor\u00eda 2015<\/strong>, Naranjitos FC se consagr\u00f3 campe\u00f3n de la <strong>Copa Entre R\u00edos<\/strong> luego de igualar 0-0 frente a Atl\u00e9tico Valle Mar\u00eda en el tiempo reglamentario. En la definici\u00f3n desde el punto penal, Naranjito se impuso por <strong>4-3<\/strong> y levant\u00f3 el trofeo ante un gran marco de p\u00fablico.<\/p>\n\n\n\n<p class=\"wp-block-paragraph\">Por su parte, en la <strong>Copa Federaci\u00f3n<\/strong>, Comercio de La Paz se qued\u00f3 con el t\u00edtulo tras vencer por <strong>1-0 a La Ca\u00f1ada de Nogoy\u00e1<\/strong>, mientras que en la <strong>Copa Proyecci\u00f3n<\/strong>, Palermo derrot\u00f3 <strong>1-0 a Universitario<\/strong> para consagrarse campe\u00f3n.<\/p>\n\n\n\n<p class=\"wp-block-paragraph\">La jornada tuvo un destacado marco de p\u00fablico y un clima de verdadera <strong>fiesta deportiva<\/strong>, con familias, jugadores y representantes de las distintas instituciones disfrutando de una competencia que volvi\u00f3 a reunir al f\u00fatbol entrerriano en el Predio de la Liga Paranaense.<\/p>\n\n\n\n<p class=\"wp-block-paragraph\">La <strong>entrega de premios<\/strong> cont\u00f3 con la presencia del presidente de la Federaci\u00f3n Entrerriana de F\u00fatbol, <strong>Nelson Cassis<\/strong>, junto a autoridades y representantes de las instituciones participantes, quienes acompa\u00f1aron el cierre de una jornada que coron\u00f3 a los campeones de las diferentes competencias.<\/p>\n\n\n\n<h3 id=\"h-el-provincial-continua-en-parana\" class=\"wp-block-heading\"><strong>El Provincial contin\u00faa en Paran\u00e1<\/strong><\/h3>\n\n\n\n<p class=\"wp-block-paragraph\">La actividad provincial tendr\u00e1 continuidad el pr\u00f3ximo fin de semana nuevamente en el <strong>Predio de la Liga Paranaense de F\u00fatbol<\/strong>, que recibir\u00e1 una nueva edici\u00f3n del Provincial, esta vez correspondiente a la <strong>categor\u00eda 2012<\/strong>.<\/p>\n\n\n\n<p class=\"wp-block-paragraph\">La competencia, organizada por la <strong>Federaci\u00f3n Entrerriana de F\u00fatbol<\/strong> y con el acompa\u00f1amiento de la <strong>Liga Paranaense de F\u00fatbol<\/strong>, se desarrollar\u00e1 durante los d\u00edas <strong>4, 5 y 6 de septiembre<\/strong>, con la participaci\u00f3n de clubes de distintos puntos de la provincia.<\/p>\n\n\n\n<p class=\"wp-block-paragraph\">De esta manera, el Predio de la LPF vuelve a ser punto de encuentro para el f\u00fatbol entrerriano y contin\u00faa consolid\u00e1ndose como uno de los escenarios elegidos para albergar grandes competencias provinciales.<\/p>\n\n\n\n<p class=\"wp-block-paragraph\"><\/p>\n","protected":false},"excerpt":{"rendered":"<p>Naranjitos FC, Comercio de La Paz y Palermo se consagraron campeones en las distintas copas disputadas durante el fin de semana. La competencia fue organizada por la Federaci\u00f3n Entrerriana de F\u00fatbol y cont\u00f3 con el acompa\u00f1amiento de la Liga Paranaense de F\u00fatbol. El Predio de la Liga Paranaense de F\u00fatbol fue escenario durante este fin&#8230;<\/p>\n","protected":false},"author":8,"featured_media":10723,"comment_status":"open","ping_status":"open","sticky":false,"template":"","format":"standard","meta":{"footnotes":""},"categories":[9,8,2,10],"tags":[308,293,339],"class_list":["post-10721","post","type-post","status-publish","format-standard","has-post-thumbnail","hentry","category-infanto-juvenil","category-masculino","category-noticias","category-pre-infantiles","tag-federacion-entrerriana-de-futbol","tag-liga-paranaense-de-futbol","tag-torneo-provincial-2015"],"featured_image_src":"http:\/\/lpfparana.com.ar\/inicio\/wp-content\/uploads\/2026\/08\/Screenshot_2026-08-31-11-53-08-407_com.instagram.android-edit.jpg","author_info":{"display_name":"Uriel Vazquez","author_link":"http:\/\/lpfparana.com.ar\/inicio\/author\/uriel\/"},"yoast_head":"<!-- This site is optimized with the Yoast SEO Premium plugin v27.8 (Yoast SEO v28.3) - https:\/\/yoast.com\/product\/yoast-seo-premium-wordpress\/ -->\n<title>El Predio de la LPF vivi\u00f3 una verdadera fiesta con el Provincial de Clubes -<\/title>\n<meta name=\"description\" content=\"Naranjitos FC, Comercio de La Paz y Palermo se consagraron campeones en las distintas copas disputadas durante el fin de semana. La competencia fue organizada por la Federaci\u00f3n Entrerriana de F\u00fatbol y cont\u00f3 con el acompa\u00f1amiento de la Liga Paranaense de F\u00fatbol.\" \/>\n<meta name=\"robots\" content=\"index, follow, max-snippet:-1, max-image-preview:large, max-video-preview:-1\" \/>\n<link rel=\"canonical\" href=\"https:\/\/lpfparana.com.ar\/inicio\/el-predio-de-la-lpf-vivio-una-verdadera-fiesta-con-el-provincial-de-clubes\/\" \/>\n<meta property=\"og:locale\" content=\"es_ES\" \/>\n<meta property=\"og:type\" content=\"article\" \/>\n<meta property=\"og:title\" content=\"El Predio de la LPF vivi\u00f3 una verdadera fiesta con el Provincial de Clubes\" \/>\n<meta property=\"og:description\" content=\"Naranjitos FC, Comercio de La Paz y Palermo se consagraron campeones en las distintas copas disputadas durante el fin de semana. La competencia fue organizada por la Federaci\u00f3n Entrerriana de F\u00fatbol y cont\u00f3 con el acompa\u00f1amiento de la Liga Paranaense de F\u00fatbol.\" \/>\n<meta property=\"og:url\" content=\"https:\/\/lpfparana.com.ar\/inicio\/el-predio-de-la-lpf-vivio-una-verdadera-fiesta-con-el-provincial-de-clubes\/\" \/>\n<meta property=\"article:published_time\" content=\"2026-08-31T15:00:05+00:00\" \/>\n<meta property=\"article:modified_time\" content=\"2026-08-31T15:00:08+00:00\" \/>\n<meta property=\"og:image\" content=\"http:\/\/lpfparana.com.ar\/inicio\/wp-content\/uploads\/2026\/08\/Screenshot_2026-08-31-11-53-08-407_com.instagram.android-edit.jpg\" \/>\n\t<meta property=\"og:image:width\" content=\"985\" \/>\n\t<meta property=\"og:image:height\" content=\"642\" \/>\n\t<meta property=\"og:image:type\" content=\"image\/jpeg\" \/>\n<meta name=\"author\" content=\"Uriel Vazquez\" \/>\n<meta name=\"twitter:card\" content=\"summary_large_image\" \/>\n<meta name=\"twitter:label1\" content=\"Escrito por\" \/>\n\t<meta name=\"twitter:data1\" content=\"Uriel Vazquez\" \/>\n\t<meta name=\"twitter:label2\" content=\"Tiempo de lectura\" \/>\n\t<meta name=\"twitter:data2\" content=\"2 minutos\" \/>\n<script type=\"application\/ld+json\" class=\"yoast-schema-graph\">{\"@context\":\"https:\\\/\\\/schema.org\",\"@graph\":[{\"@type\":\"Article\",\"@id\":\"https:\\\/\\\/lpfparana.com.ar\\\/inicio\\\/el-predio-de-la-lpf-vivio-una-verdadera-fiesta-con-el-provincial-de-clubes\\\/#article\",\"isPartOf\":{\"@id\":\"https:\\\/\\\/lpfparana.com.ar\\\/inicio\\\/el-predio-de-la-lpf-vivio-una-verdadera-fiesta-con-el-provincial-de-clubes\\\/\"},\"author\":{\"name\":\"Uriel Vazquez\",\"@id\":\"http:\\\/\\\/lpfparana.com.ar\\\/inicio\\\/#\\\/schema\\\/person\\\/07e09b1ab407955db225d5798fbe3c29\"},\"headline\":\"El Predio de la LPF vivi\u00f3 una verdadera fiesta con el Provincial de Clubes\",\"datePublished\":\"2026-08-31T15:00:05+00:00\",\"dateModified\":\"2026-08-31T15:00:08+00:00\",\"mainEntityOfPage\":{\"@id\":\"https:\\\/\\\/lpfparana.com.ar\\\/inicio\\\/el-predio-de-la-lpf-vivio-una-verdadera-fiesta-con-el-provincial-de-clubes\\\/\"},\"wordCount\":418,\"commentCount\":0,\"image\":{\"@id\":\"https:\\\/\\\/lpfparana.com.ar\\\/inicio\\\/el-predio-de-la-lpf-vivio-una-verdadera-fiesta-con-el-provincial-de-clubes\\\/#primaryimage\"},\"thumbnailUrl\":\"http:\\\/\\\/lpfparana.com.ar\\\/inicio\\\/wp-content\\\/uploads\\\/2026\\\/08\\\/Screenshot_2026-08-31-11-53-08-407_com.instagram.android-edit.jpg\",\"keywords\":[\"Federaci\u00f3n Entrerriana de F\u00fatbol\",\"Liga Paranaense de F\u00fatbol\",\"Torneo Provincial 2015\"],\"articleSection\":[\"Infanto Juvenil\",\"Masculino\",\"Noticias\",\"Pre-Infantiles\"],\"inLanguage\":\"es\",\"potentialAction\":[{\"@type\":\"CommentAction\",\"name\":\"Comment\",\"target\":[\"https:\\\/\\\/lpfparana.com.ar\\\/inicio\\\/el-predio-de-la-lpf-vivio-una-verdadera-fiesta-con-el-provincial-de-clubes\\\/#respond\"]}]},{\"@type\":\"WebPage\",\"@id\":\"https:\\\/\\\/lpfparana.com.ar\\\/inicio\\\/el-predio-de-la-lpf-vivio-una-verdadera-fiesta-con-el-provincial-de-clubes\\\/\",\"url\":\"https:\\\/\\\/lpfparana.com.ar\\\/inicio\\\/el-predio-de-la-lpf-vivio-una-verdadera-fiesta-con-el-provincial-de-clubes\\\/\",\"name\":\"El Predio de la LPF vivi\u00f3 una verdadera fiesta con el Provincial de Clubes -\",\"isPartOf\":{\"@id\":\"http:\\\/\\\/lpfparana.com.ar\\\/inicio\\\/#website\"},\"primaryImageOfPage\":{\"@id\":\"https:\\\/\\\/lpfparana.com.ar\\\/inicio\\\/el-predio-de-la-lpf-vivio-una-verdadera-fiesta-con-el-provincial-de-clubes\\\/#primaryimage\"},\"image\":{\"@id\":\"https:\\\/\\\/lpfparana.com.ar\\\/inicio\\\/el-predio-de-la-lpf-vivio-una-verdadera-fiesta-con-el-provincial-de-clubes\\\/#primaryimage\"},\"thumbnailUrl\":\"http:\\\/\\\/lpfparana.com.ar\\\/inicio\\\/wp-content\\\/uploads\\\/2026\\\/08\\\/Screenshot_2026-08-31-11-53-08-407_com.instagram.android-edit.jpg\",\"datePublished\":\"2026-08-31T15:00:05+00:00\",\"dateModified\":\"2026-08-31T15:00:08+00:00\",\"author\":{\"@id\":\"http:\\\/\\\/lpfparana.com.ar\\\/inicio\\\/#\\\/schema\\\/person\\\/07e09b1ab407955db225d5798fbe3c29\"},\"description\":\"Naranjitos FC, Comercio de La Paz y Palermo se consagraron campeones en las distintas copas disputadas durante el fin de semana. La competencia fue organizada por la Federaci\u00f3n Entrerriana de F\u00fatbol y cont\u00f3 con el acompa\u00f1amiento de la Liga Paranaense de F\u00fatbol.\",\"breadcrumb\":{\"@id\":\"https:\\\/\\\/lpfparana.com.ar\\\/inicio\\\/el-predio-de-la-lpf-vivio-una-verdadera-fiesta-con-el-provincial-de-clubes\\\/#breadcrumb\"},\"inLanguage\":\"es\",\"potentialAction\":[{\"@type\":\"ReadAction\",\"target\":[\"https:\\\/\\\/lpfparana.com.ar\\\/inicio\\\/el-predio-de-la-lpf-vivio-una-verdadera-fiesta-con-el-provincial-de-clubes\\\/\"]}]},{\"@type\":\"ImageObject\",\"inLanguage\":\"es\",\"@id\":\"https:\\\/\\\/lpfparana.com.ar\\\/inicio\\\/el-predio-de-la-lpf-vivio-una-verdadera-fiesta-con-el-provincial-de-clubes\\\/#primaryimage\",\"url\":\"http:\\\/\\\/lpfparana.com.ar\\\/inicio\\\/wp-content\\\/uploads\\\/2026\\\/08\\\/Screenshot_2026-08-31-11-53-08-407_com.instagram.android-edit.jpg\",\"contentUrl\":\"http:\\\/\\\/lpfparana.com.ar\\\/inicio\\\/wp-content\\\/uploads\\\/2026\\\/08\\\/Screenshot_2026-08-31-11-53-08-407_com.instagram.android-edit.jpg\",\"width\":985,\"height\":642},{\"@type\":\"BreadcrumbList\",\"@id\":\"https:\\\/\\\/lpfparana.com.ar\\\/inicio\\\/el-predio-de-la-lpf-vivio-una-verdadera-fiesta-con-el-provincial-de-clubes\\\/#breadcrumb\",\"itemListElement\":[{\"@type\":\"ListItem\",\"position\":1,\"name\":\"Portada\",\"item\":\"http:\\\/\\\/lpfparana.com.ar\\\/inicio\\\/\"},{\"@type\":\"ListItem\",\"position\":2,\"name\":\"El Predio de la LPF vivi\u00f3 una verdadera fiesta con el Provincial de Clubes\"}]},{\"@type\":\"WebSite\",\"@id\":\"http:\\\/\\\/lpfparana.com.ar\\\/inicio\\\/#website\",\"url\":\"http:\\\/\\\/lpfparana.com.ar\\\/inicio\\\/\",\"name\":\"\",\"description\":\"LPF Paran\u00e1\",\"potentialAction\":[{\"@type\":\"SearchAction\",\"target\":{\"@type\":\"EntryPoint\",\"urlTemplate\":\"http:\\\/\\\/lpfparana.com.ar\\\/inicio\\\/?s={search_term_string}\"},\"query-input\":{\"@type\":\"PropertyValueSpecification\",\"valueRequired\":true,\"valueName\":\"search_term_string\"}}],\"inLanguage\":\"es\"},{\"@type\":\"Person\",\"@id\":\"http:\\\/\\\/lpfparana.com.ar\\\/inicio\\\/#\\\/schema\\\/person\\\/07e09b1ab407955db225d5798fbe3c29\",\"name\":\"Uriel Vazquez\",\"image\":{\"@type\":\"ImageObject\",\"inLanguage\":\"es\",\"@id\":\"https:\\\/\\\/secure.gravatar.com\\\/avatar\\\/6f6434a31569ea3eb181dc2d6f625ccfa8d5d0cd27b2fe7eab38888e37d146f6?s=96&d=mm&r=g\",\"url\":\"https:\\\/\\\/secure.gravatar.com\\\/avatar\\\/6f6434a31569ea3eb181dc2d6f625ccfa8d5d0cd27b2fe7eab38888e37d146f6?s=96&d=mm&r=g\",\"contentUrl\":\"https:\\\/\\\/secure.gravatar.com\\\/avatar\\\/6f6434a31569ea3eb181dc2d6f625ccfa8d5d0cd27b2fe7eab38888e37d146f6?s=96&d=mm&r=g\",\"caption\":\"Uriel Vazquez\"},\"url\":\"http:\\\/\\\/lpfparana.com.ar\\\/inicio\\\/author\\\/uriel\\\/\"}]}<\/script>\n<!-- \/ Yoast SEO Premium plugin. -->","yoast_head_json":{"title":"El Predio de la LPF vivi\u00f3 una verdadera fiesta con el Provincial de Clubes -","description":"Naranjitos FC, Comercio de La Paz y Palermo se consagraron campeones en las distintas copas disputadas durante el fin de semana. La competencia fue organizada por la Federaci\u00f3n Entrerriana de F\u00fatbol y cont\u00f3 con el acompa\u00f1amiento de la Liga Paranaense de F\u00fatbol.","robots":{"index":"index","follow":"follow","max-snippet":"max-snippet:-1","max-image-preview":"max-image-preview:large","max-video-preview":"max-video-preview:-1"},"canonical":"https:\/\/lpfparana.com.ar\/inicio\/el-predio-de-la-lpf-vivio-una-verdadera-fiesta-con-el-provincial-de-clubes\/","og_locale":"es_ES","og_type":"article","og_title":"El Predio de la LPF vivi\u00f3 una verdadera fiesta con el Provincial de Clubes","og_description":"Naranjitos FC, Comercio de La Paz y Palermo se consagraron campeones en las distintas copas disputadas durante el fin de semana. La competencia fue organizada por la Federaci\u00f3n Entrerriana de F\u00fatbol y cont\u00f3 con el acompa\u00f1amiento de la Liga Paranaense de F\u00fatbol.","og_url":"https:\/\/lpfparana.com.ar\/inicio\/el-predio-de-la-lpf-vivio-una-verdadera-fiesta-con-el-provincial-de-clubes\/","article_published_time":"2026-08-31T15:00:05+00:00","article_modified_time":"2026-08-31T15:00:08+00:00","og_image":[{"width":985,"height":642,"url":"http:\/\/lpfparana.com.ar\/inicio\/wp-content\/uploads\/2026\/08\/Screenshot_2026-08-31-11-53-08-407_com.instagram.android-edit.jpg","type":"image\/jpeg"}],"author":"Uriel Vazquez","twitter_card":"summary_large_image","twitter_misc":{"Escrito por":"Uriel Vazquez","Tiempo de lectura":"2 minutos"},"schema":{"@context":"https:\/\/schema.org","@graph":[{"@type":"Article","@id":"https:\/\/lpfparana.com.ar\/inicio\/el-predio-de-la-lpf-vivio-una-verdadera-fiesta-con-el-provincial-de-clubes\/#article","isPartOf":{"@id":"https:\/\/lpfparana.com.ar\/inicio\/el-predio-de-la-lpf-vivio-una-verdadera-fiesta-con-el-provincial-de-clubes\/"},"author":{"name":"Uriel Vazquez","@id":"http:\/\/lpfparana.com.ar\/inicio\/#\/schema\/person\/07e09b1ab407955db225d5798fbe3c29"},"headline":"El Predio de la LPF vivi\u00f3 una verdadera fiesta con el Provincial de Clubes","datePublished":"2026-08-31T15:00:05+00:00","dateModified":"2026-08-31T15:00:08+00:00","mainEntityOfPage":{"@id":"https:\/\/lpfparana.com.ar\/inicio\/el-predio-de-la-lpf-vivio-una-verdadera-fiesta-con-el-provincial-de-clubes\/"},"wordCount":418,"commentCount":0,"image":{"@id":"https:\/\/lpfparana.com.ar\/inicio\/el-predio-de-la-lpf-vivio-una-verdadera-fiesta-con-el-provincial-de-clubes\/#primaryimage"},"thumbnailUrl":"http:\/\/lpfparana.com.ar\/inicio\/wp-content\/uploads\/2026\/08\/Screenshot_2026-08-31-11-53-08-407_com.instagram.android-edit.jpg","keywords":["Federaci\u00f3n Entrerriana de F\u00fatbol","Liga Paranaense de F\u00fatbol","Torneo Provincial 2015"],"articleSection":["Infanto Juvenil","Masculino","Noticias","Pre-Infantiles"],"inLanguage":"es","potentialAction":[{"@type":"CommentAction","name":"Comment","target":["https:\/\/lpfparana.com.ar\/inicio\/el-predio-de-la-lpf-vivio-una-verdadera-fiesta-con-el-provincial-de-clubes\/#respond"]}]},{"@type":"WebPage","@id":"https:\/\/lpfparana.com.ar\/inicio\/el-predio-de-la-lpf-vivio-una-verdadera-fiesta-con-el-provincial-de-clubes\/","url":"https:\/\/lpfparana.com.ar\/inicio\/el-predio-de-la-lpf-vivio-una-verdadera-fiesta-con-el-provincial-de-clubes\/","name":"El Predio de la LPF vivi\u00f3 una verdadera fiesta con el Provincial de Clubes -","isPartOf":{"@id":"http:\/\/lpfparana.com.ar\/inicio\/#website"},"primaryImageOfPage":{"@id":"https:\/\/lpfparana.com.ar\/inicio\/el-predio-de-la-lpf-vivio-una-verdadera-fiesta-con-el-provincial-de-clubes\/#primaryimage"},"image":{"@id":"https:\/\/lpfparana.com.ar\/inicio\/el-predio-de-la-lpf-vivio-una-verdadera-fiesta-con-el-provincial-de-clubes\/#primaryimage"},"thumbnailUrl":"http:\/\/lpfparana.com.ar\/inicio\/wp-content\/uploads\/2026\/08\/Screenshot_2026-08-31-11-53-08-407_com.instagram.android-edit.jpg","datePublished":"2026-08-31T15:00:05+00:00","dateModified":"2026-08-31T15:00:08+00:00","author":{"@id":"http:\/\/lpfparana.com.ar\/inicio\/#\/schema\/person\/07e09b1ab407955db225d5798fbe3c29"},"description":"Naranjitos FC, Comercio de La Paz y Palermo se consagraron campeones en las distintas copas disputadas durante el fin de semana. La competencia fue organizada por la Federaci\u00f3n Entrerriana de F\u00fatbol y cont\u00f3 con el acompa\u00f1amiento de la Liga Paranaense de F\u00fatbol.","breadcrumb":{"@id":"https:\/\/lpfparana.com.ar\/inicio\/el-predio-de-la-lpf-vivio-una-verdadera-fiesta-con-el-provincial-de-clubes\/#breadcrumb"},"inLanguage":"es","potentialAction":[{"@type":"ReadAction","target":["https:\/\/lpfparana.com.ar\/inicio\/el-predio-de-la-lpf-vivio-una-verdadera-fiesta-con-el-provincial-de-clubes\/"]}]},{"@type":"ImageObject","inLanguage":"es","@id":"https:\/\/lpfparana.com.ar\/inicio\/el-predio-de-la-lpf-vivio-una-verdadera-fiesta-con-el-provincial-de-clubes\/#primaryimage","url":"http:\/\/lpfparana.com.ar\/inicio\/wp-content\/uploads\/2026\/08\/Screenshot_2026-08-31-11-53-08-407_com.instagram.android-edit.jpg","contentUrl":"http:\/\/lpfparana.com.ar\/inicio\/wp-content\/uploads\/2026\/08\/Screenshot_2026-08-31-11-53-08-407_com.instagram.android-edit.jpg","width":985,"height":642},{"@type":"BreadcrumbList","@id":"https:\/\/lpfparana.com.ar\/inicio\/el-predio-de-la-lpf-vivio-una-verdadera-fiesta-con-el-provincial-de-clubes\/#breadcrumb","itemListElement":[{"@type":"ListItem","position":1,"name":"Portada","item":"http:\/\/lpfparana.com.ar\/inicio\/"},{"@type":"ListItem","position":2,"name":"El Predio de la LPF vivi\u00f3 una verdadera fiesta con el Provincial de Clubes"}]},{"@type":"WebSite","@id":"http:\/\/lpfparana.com.ar\/inicio\/#website","url":"http:\/\/lpfparana.com.ar\/inicio\/","name":"","description":"LPF Paran\u00e1","potentialAction":[{"@type":"SearchAction","target":{"@type":"EntryPoint","urlTemplate":"http:\/\/lpfparana.com.ar\/inicio\/?s={search_term_string}"},"query-input":{"@type":"PropertyValueSpecification","valueRequired":true,"valueName":"search_term_string"}}],"inLanguage":"es"},{"@type":"Person","@id":"http:\/\/lpfparana.com.ar\/inicio\/#\/schema\/person\/07e09b1ab407955db225d5798fbe3c29","name":"Uriel Vazquez","image":{"@type":"ImageObject","inLanguage":"es","@id":"https:\/\/secure.gravatar.com\/avatar\/6f6434a31569ea3eb181dc2d6f625ccfa8d5d0cd27b2fe7eab38888e37d146f6?s=96&d=mm&r=g","url":"https:\/\/secure.gravatar.com\/avatar\/6f6434a31569ea3eb181dc2d6f625ccfa8d5d0cd27b2fe7eab38888e37d146f6?s=96&d=mm&r=g","contentUrl":"https:\/\/secure.gravatar.com\/avatar\/6f6434a31569ea3eb181dc2d6f625ccfa8d5d0cd27b2fe7eab38888e37d146f6?s=96&d=mm&r=g","caption":"Uriel Vazquez"},"url":"http:\/\/lpfparana.com.ar\/inicio\/author\/uriel\/"}]}},"_links":{"self":[{"href":"http:\/\/lpfparana.com.ar\/inicio\/wp-json\/wp\/v2\/posts\/10721","targetHints":{"allow":["GET"]}}],"collection":[{"href":"http:\/\/lpfparana.com.ar\/inicio\/wp-json\/wp\/v2\/posts"}],"about":[{"href":"http:\/\/lpfparana.com.ar\/inicio\/wp-json\/wp\/v2\/types\/post"}],"author":[{"embeddable":true,"href":"http:\/\/lpfparana.com.ar\/inicio\/wp-json\/wp\/v2\/users\/8"}],"replies":[{"embeddable":true,"href":"http:\/\/lpfparana.com.ar\/inicio\/wp-json\/wp\/v2\/comments?post=10721"}],"version-history":[{"count":1,"href":"http:\/\/lpfparana.com.ar\/inicio\/wp-json\/wp\/v2\/posts\/10721\/revisions"}],"predecessor-version":[{"id":10724,"href":"http:\/\/lpfparana.com.ar\/inicio\/wp-json\/wp\/v2\/posts\/10721\/revisions\/10724"}],"wp:featuredmedia":[{"embeddable":true,"href":"http:\/\/lpfparana.com.ar\/inicio\/wp-json\/wp\/v2\/media\/10723"}],"wp:attachment":[{"href":"http:\/\/lpfparana.com.ar\/inicio\/wp-json\/wp\/v2\/media?parent=10721"}],"wp:term":[{"taxonomy":"category","embeddable":true,"href":"http:\/\/lpfparana.com.ar\/inicio\/wp-json\/wp\/v2\/categories?post=10721"},{"taxonomy":"post_tag","embeddable":true,"href":"http:\/\/lpfparana.com.ar\/inicio\/wp-json\/wp\/v2\/tags?post=10721"}],"curies":[{"name":"wp","href":"https:\/\/api.w.org\/{rel}","templated":true}]}}