{"id":10714,"date":"2026-08-31T10:26:51","date_gmt":"2026-08-31T13:26:51","guid":{"rendered":"https:\/\/lpfparana.com.ar\/inicio\/?p=10714"},"modified":"2026-08-31T10:26:53","modified_gmt":"2026-08-31T13:26:53","slug":"el-torneo-oficial-2026-llego-a-su-fin-y-atletico-neuquen-se-consagro-campeon","status":"publish","type":"post","link":"http:\/\/lpfparana.com.ar\/inicio\/el-torneo-oficial-2026-llego-a-su-fin-y-atletico-neuquen-se-consagro-campeon\/","title":{"rendered":"El Torneo Oficial 2026 lleg\u00f3 a su fin y Atl\u00e9tico Neuqu\u00e9n se consagr\u00f3 campe\u00f3n"},"content":{"rendered":"\n<p class=\"wp-block-paragraph\"><strong>El certamen de Primera Divisi\u00f3n de la Liga Paranaense de F\u00fatbol ya tiene a su campe\u00f3n. Atl\u00e9tico Neuqu\u00e9n Club se qued\u00f3 con el t\u00edtulo y, mientras se completan los \u00faltimos partidos pendientes, el Torneo Oficial 2026 transita sus cap\u00edtulos finales.<\/strong><\/p>\n\n\n\n<p class=\"wp-block-paragraph\">El <strong>Torneo Oficial 2026 de la Liga Paranaense de F\u00fatbol<\/strong> lleg\u00f3 a su fin en cuanto a la definici\u00f3n del campeonato. <strong>Atl\u00e9tico Neuqu\u00e9n Club se consagr\u00f3 campe\u00f3n<\/strong> y celebr\u00f3 un nuevo t\u00edtulo en el f\u00fatbol paranaense, luego de una destacada campa\u00f1a a lo largo de la competencia.<\/p>\n\n\n\n<p class=\"wp-block-paragraph\">Con el campe\u00f3n ya definido, solamente restan <strong>cuatro encuentros para completar el calendario del certamen<\/strong>. Tres de ellos corresponden a la Fecha 17, mientras que tambi\u00e9n queda pendiente el compromiso entre Don Bosco y Cicl\u00f3n del Sur.<\/p>\n\n\n\n<p class=\"wp-block-paragraph\">En la \u00faltima jornada se registraron los siguientes resultados: <strong>Oro Verde 2-0 Sportivo Urquiza, Palermo 1-2 Club VF, Toritos 0-3 Universitario, Patronato 3-0 San Benito y F. Independiente 2-0 Argentino Juniors<\/strong>.<\/p>\n\n\n\n<h3 id=\"h-los-cuatro-partidos-que-restan\" class=\"wp-block-heading\">Los cuatro partidos que restan<\/h3>\n\n\n\n<p class=\"wp-block-paragraph\">&#x1f4c5; <strong>Fecha 17<\/strong><\/p>\n\n\n\n<ul class=\"wp-block-list\">\n<li><strong>Belgrano vs. Camioneros<\/strong> \u2014 lunes 30 de agosto, 16:00.<\/li>\n\n\n\n<li><strong>Pe\u00f1arol vs. Atl\u00e9tico Paran\u00e1<\/strong> \u2014 martes 1 de septiembre, 15:30.<\/li>\n\n\n\n<li><strong>Atl\u00e9tico Neuqu\u00e9n Club vs. Instituto<\/strong> \u2014 martes 1 de septiembre, 20:00.<\/li>\n<\/ul>\n\n\n\n<ul class=\"wp-block-list\">\n<li><strong>Don Bosco vs. Cicl\u00f3n del Sur<\/strong> \u2014 mi\u00e9rcoles, 15:30, en el estadio <strong>Carlos Federici<\/strong>.<\/li>\n<\/ul>\n\n\n\n<p class=\"wp-block-paragraph\">De esta manera, el <strong>Torneo Oficial 2026 ya tiene due\u00f1o<\/strong> y Atl\u00e9tico Neuqu\u00e9n Club es el gran protagonista de la temporada. Solo quedan cuatro partidos para ponerle punto final al calendario y cerrar oficialmente una nueva edici\u00f3n del campeonato de la Liga Paranaense de F\u00fatbol.<\/p>\n\n\n\n<p class=\"wp-block-paragraph\">i<\/p>\n\n\n\n<p class=\"wp-block-paragraph\"><\/p>\n","protected":false},"excerpt":{"rendered":"<p>El certamen de Primera Divisi\u00f3n de la Liga Paranaense de F\u00fatbol ya tiene a su campe\u00f3n. Atl\u00e9tico Neuqu\u00e9n Club se qued\u00f3 con el t\u00edtulo y, mientras se completan los \u00faltimos partidos pendientes, el Torneo Oficial 2026 transita sus cap\u00edtulos finales. El Torneo Oficial 2026 de la Liga Paranaense de F\u00fatbol lleg\u00f3 a su fin en&#8230;<\/p>\n","protected":false},"author":8,"featured_media":10718,"comment_status":"open","ping_status":"open","sticky":false,"template":"","format":"standard","meta":{"footnotes":""},"categories":[8,2,3],"tags":[293,106],"class_list":["post-10714","post","type-post","status-publish","format-standard","has-post-thumbnail","hentry","category-masculino","category-noticias","category-primera-division","tag-liga-paranaense-de-futbol","tag-locos-por-la-liga"],"featured_image_src":"http:\/\/lpfparana.com.ar\/inicio\/wp-content\/uploads\/2026\/08\/WA_1788182777181.jpeg","author_info":{"display_name":"Uriel Vazquez","author_link":"http:\/\/lpfparana.com.ar\/inicio\/author\/uriel\/"},"yoast_head":"<!-- This site is optimized with the Yoast SEO Premium plugin v27.8 (Yoast SEO v28.3) - https:\/\/yoast.com\/product\/yoast-seo-premium-wordpress\/ -->\n<title>El Torneo Oficial 2026 lleg\u00f3 a su fin y Atl\u00e9tico Neuqu\u00e9n se consagr\u00f3 campe\u00f3n -<\/title>\n<meta name=\"description\" content=\"El certamen de Primera Divisi\u00f3n de la Liga Paranaense de F\u00fatbol ya tiene a su campe\u00f3n. Atl\u00e9tico Neuqu\u00e9n Club se qued\u00f3 con el t\u00edtulo y, mientras se completan los \u00faltimos partidos pendientes, el Torneo Oficial 2026 transita sus cap\u00edtulos finales.\" \/>\n<meta name=\"robots\" content=\"index, follow, max-snippet:-1, max-image-preview:large, max-video-preview:-1\" \/>\n<link rel=\"canonical\" href=\"https:\/\/lpfparana.com.ar\/inicio\/el-torneo-oficial-2026-llego-a-su-fin-y-atletico-neuquen-se-consagro-campeon\/\" \/>\n<meta property=\"og:locale\" content=\"es_ES\" \/>\n<meta property=\"og:type\" content=\"article\" \/>\n<meta property=\"og:title\" content=\"El Torneo Oficial 2026 lleg\u00f3 a su fin y Atl\u00e9tico Neuqu\u00e9n se consagr\u00f3 campe\u00f3n\" \/>\n<meta property=\"og:description\" content=\"El certamen de Primera Divisi\u00f3n de la Liga Paranaense de F\u00fatbol ya tiene a su campe\u00f3n. Atl\u00e9tico Neuqu\u00e9n Club se qued\u00f3 con el t\u00edtulo y, mientras se completan los \u00faltimos partidos pendientes, el Torneo Oficial 2026 transita sus cap\u00edtulos finales.\" \/>\n<meta property=\"og:url\" content=\"https:\/\/lpfparana.com.ar\/inicio\/el-torneo-oficial-2026-llego-a-su-fin-y-atletico-neuquen-se-consagro-campeon\/\" \/>\n<meta property=\"article:published_time\" content=\"2026-08-31T13:26:51+00:00\" \/>\n<meta property=\"article:modified_time\" content=\"2026-08-31T13:26:53+00:00\" \/>\n<meta property=\"og:image\" content=\"http:\/\/lpfparana.com.ar\/inicio\/wp-content\/uploads\/2026\/08\/WA_1788182777181.jpeg\" \/>\n\t<meta property=\"og:image:width\" content=\"1120\" \/>\n\t<meta property=\"og:image:height\" content=\"975\" \/>\n\t<meta property=\"og:image:type\" content=\"image\/jpeg\" \/>\n<meta name=\"author\" content=\"Uriel Vazquez\" \/>\n<meta name=\"twitter:card\" content=\"summary_large_image\" \/>\n<meta name=\"twitter:label1\" content=\"Escrito por\" \/>\n\t<meta name=\"twitter:data1\" content=\"Uriel Vazquez\" \/>\n\t<meta name=\"twitter:label2\" content=\"Tiempo de lectura\" \/>\n\t<meta name=\"twitter:data2\" content=\"2 minutos\" \/>\n<script type=\"application\/ld+json\" class=\"yoast-schema-graph\">{\"@context\":\"https:\\\/\\\/schema.org\",\"@graph\":[{\"@type\":\"Article\",\"@id\":\"https:\\\/\\\/lpfparana.com.ar\\\/inicio\\\/el-torneo-oficial-2026-llego-a-su-fin-y-atletico-neuquen-se-consagro-campeon\\\/#article\",\"isPartOf\":{\"@id\":\"https:\\\/\\\/lpfparana.com.ar\\\/inicio\\\/el-torneo-oficial-2026-llego-a-su-fin-y-atletico-neuquen-se-consagro-campeon\\\/\"},\"author\":{\"name\":\"Uriel Vazquez\",\"@id\":\"http:\\\/\\\/lpfparana.com.ar\\\/inicio\\\/#\\\/schema\\\/person\\\/07e09b1ab407955db225d5798fbe3c29\"},\"headline\":\"El Torneo Oficial 2026 lleg\u00f3 a su fin y Atl\u00e9tico Neuqu\u00e9n se consagr\u00f3 campe\u00f3n\",\"datePublished\":\"2026-08-31T13:26:51+00:00\",\"dateModified\":\"2026-08-31T13:26:53+00:00\",\"mainEntityOfPage\":{\"@id\":\"https:\\\/\\\/lpfparana.com.ar\\\/inicio\\\/el-torneo-oficial-2026-llego-a-su-fin-y-atletico-neuquen-se-consagro-campeon\\\/\"},\"wordCount\":284,\"commentCount\":0,\"image\":{\"@id\":\"https:\\\/\\\/lpfparana.com.ar\\\/inicio\\\/el-torneo-oficial-2026-llego-a-su-fin-y-atletico-neuquen-se-consagro-campeon\\\/#primaryimage\"},\"thumbnailUrl\":\"http:\\\/\\\/lpfparana.com.ar\\\/inicio\\\/wp-content\\\/uploads\\\/2026\\\/08\\\/WA_1788182777181.jpeg\",\"keywords\":[\"Liga Paranaense de F\u00fatbol\",\"Locos por la Liga\"],\"articleSection\":[\"Masculino\",\"Noticias\",\"Primera Divisi\u00f3n\"],\"inLanguage\":\"es\",\"potentialAction\":[{\"@type\":\"CommentAction\",\"name\":\"Comment\",\"target\":[\"https:\\\/\\\/lpfparana.com.ar\\\/inicio\\\/el-torneo-oficial-2026-llego-a-su-fin-y-atletico-neuquen-se-consagro-campeon\\\/#respond\"]}]},{\"@type\":\"WebPage\",\"@id\":\"https:\\\/\\\/lpfparana.com.ar\\\/inicio\\\/el-torneo-oficial-2026-llego-a-su-fin-y-atletico-neuquen-se-consagro-campeon\\\/\",\"url\":\"https:\\\/\\\/lpfparana.com.ar\\\/inicio\\\/el-torneo-oficial-2026-llego-a-su-fin-y-atletico-neuquen-se-consagro-campeon\\\/\",\"name\":\"El Torneo Oficial 2026 lleg\u00f3 a su fin y Atl\u00e9tico Neuqu\u00e9n se consagr\u00f3 campe\u00f3n -\",\"isPartOf\":{\"@id\":\"http:\\\/\\\/lpfparana.com.ar\\\/inicio\\\/#website\"},\"primaryImageOfPage\":{\"@id\":\"https:\\\/\\\/lpfparana.com.ar\\\/inicio\\\/el-torneo-oficial-2026-llego-a-su-fin-y-atletico-neuquen-se-consagro-campeon\\\/#primaryimage\"},\"image\":{\"@id\":\"https:\\\/\\\/lpfparana.com.ar\\\/inicio\\\/el-torneo-oficial-2026-llego-a-su-fin-y-atletico-neuquen-se-consagro-campeon\\\/#primaryimage\"},\"thumbnailUrl\":\"http:\\\/\\\/lpfparana.com.ar\\\/inicio\\\/wp-content\\\/uploads\\\/2026\\\/08\\\/WA_1788182777181.jpeg\",\"datePublished\":\"2026-08-31T13:26:51+00:00\",\"dateModified\":\"2026-08-31T13:26:53+00:00\",\"author\":{\"@id\":\"http:\\\/\\\/lpfparana.com.ar\\\/inicio\\\/#\\\/schema\\\/person\\\/07e09b1ab407955db225d5798fbe3c29\"},\"description\":\"El certamen de Primera Divisi\u00f3n de la Liga Paranaense de F\u00fatbol ya tiene a su campe\u00f3n. Atl\u00e9tico Neuqu\u00e9n Club se qued\u00f3 con el t\u00edtulo y, mientras se completan los \u00faltimos partidos pendientes, el Torneo Oficial 2026 transita sus cap\u00edtulos finales.\",\"breadcrumb\":{\"@id\":\"https:\\\/\\\/lpfparana.com.ar\\\/inicio\\\/el-torneo-oficial-2026-llego-a-su-fin-y-atletico-neuquen-se-consagro-campeon\\\/#breadcrumb\"},\"inLanguage\":\"es\",\"potentialAction\":[{\"@type\":\"ReadAction\",\"target\":[\"https:\\\/\\\/lpfparana.com.ar\\\/inicio\\\/el-torneo-oficial-2026-llego-a-su-fin-y-atletico-neuquen-se-consagro-campeon\\\/\"]}]},{\"@type\":\"ImageObject\",\"inLanguage\":\"es\",\"@id\":\"https:\\\/\\\/lpfparana.com.ar\\\/inicio\\\/el-torneo-oficial-2026-llego-a-su-fin-y-atletico-neuquen-se-consagro-campeon\\\/#primaryimage\",\"url\":\"http:\\\/\\\/lpfparana.com.ar\\\/inicio\\\/wp-content\\\/uploads\\\/2026\\\/08\\\/WA_1788182777181.jpeg\",\"contentUrl\":\"http:\\\/\\\/lpfparana.com.ar\\\/inicio\\\/wp-content\\\/uploads\\\/2026\\\/08\\\/WA_1788182777181.jpeg\",\"width\":1120,\"height\":975},{\"@type\":\"BreadcrumbList\",\"@id\":\"https:\\\/\\\/lpfparana.com.ar\\\/inicio\\\/el-torneo-oficial-2026-llego-a-su-fin-y-atletico-neuquen-se-consagro-campeon\\\/#breadcrumb\",\"itemListElement\":[{\"@type\":\"ListItem\",\"position\":1,\"name\":\"Portada\",\"item\":\"http:\\\/\\\/lpfparana.com.ar\\\/inicio\\\/\"},{\"@type\":\"ListItem\",\"position\":2,\"name\":\"El Torneo Oficial 2026 lleg\u00f3 a su fin y Atl\u00e9tico Neuqu\u00e9n se consagr\u00f3 campe\u00f3n\"}]},{\"@type\":\"WebSite\",\"@id\":\"http:\\\/\\\/lpfparana.com.ar\\\/inicio\\\/#website\",\"url\":\"http:\\\/\\\/lpfparana.com.ar\\\/inicio\\\/\",\"name\":\"\",\"description\":\"LPF Paran\u00e1\",\"potentialAction\":[{\"@type\":\"SearchAction\",\"target\":{\"@type\":\"EntryPoint\",\"urlTemplate\":\"http:\\\/\\\/lpfparana.com.ar\\\/inicio\\\/?s={search_term_string}\"},\"query-input\":{\"@type\":\"PropertyValueSpecification\",\"valueRequired\":true,\"valueName\":\"search_term_string\"}}],\"inLanguage\":\"es\"},{\"@type\":\"Person\",\"@id\":\"http:\\\/\\\/lpfparana.com.ar\\\/inicio\\\/#\\\/schema\\\/person\\\/07e09b1ab407955db225d5798fbe3c29\",\"name\":\"Uriel Vazquez\",\"image\":{\"@type\":\"ImageObject\",\"inLanguage\":\"es\",\"@id\":\"https:\\\/\\\/secure.gravatar.com\\\/avatar\\\/6f6434a31569ea3eb181dc2d6f625ccfa8d5d0cd27b2fe7eab38888e37d146f6?s=96&d=mm&r=g\",\"url\":\"https:\\\/\\\/secure.gravatar.com\\\/avatar\\\/6f6434a31569ea3eb181dc2d6f625ccfa8d5d0cd27b2fe7eab38888e37d146f6?s=96&d=mm&r=g\",\"contentUrl\":\"https:\\\/\\\/secure.gravatar.com\\\/avatar\\\/6f6434a31569ea3eb181dc2d6f625ccfa8d5d0cd27b2fe7eab38888e37d146f6?s=96&d=mm&r=g\",\"caption\":\"Uriel Vazquez\"},\"url\":\"http:\\\/\\\/lpfparana.com.ar\\\/inicio\\\/author\\\/uriel\\\/\"}]}<\/script>\n<!-- \/ Yoast SEO Premium plugin. -->","yoast_head_json":{"title":"El Torneo Oficial 2026 lleg\u00f3 a su fin y Atl\u00e9tico Neuqu\u00e9n se consagr\u00f3 campe\u00f3n -","description":"El certamen de Primera Divisi\u00f3n de la Liga Paranaense de F\u00fatbol ya tiene a su campe\u00f3n. Atl\u00e9tico Neuqu\u00e9n Club se qued\u00f3 con el t\u00edtulo y, mientras se completan los \u00faltimos partidos pendientes, el Torneo Oficial 2026 transita sus cap\u00edtulos finales.","robots":{"index":"index","follow":"follow","max-snippet":"max-snippet:-1","max-image-preview":"max-image-preview:large","max-video-preview":"max-video-preview:-1"},"canonical":"https:\/\/lpfparana.com.ar\/inicio\/el-torneo-oficial-2026-llego-a-su-fin-y-atletico-neuquen-se-consagro-campeon\/","og_locale":"es_ES","og_type":"article","og_title":"El Torneo Oficial 2026 lleg\u00f3 a su fin y Atl\u00e9tico Neuqu\u00e9n se consagr\u00f3 campe\u00f3n","og_description":"El certamen de Primera Divisi\u00f3n de la Liga Paranaense de F\u00fatbol ya tiene a su campe\u00f3n. Atl\u00e9tico Neuqu\u00e9n Club se qued\u00f3 con el t\u00edtulo y, mientras se completan los \u00faltimos partidos pendientes, el Torneo Oficial 2026 transita sus cap\u00edtulos finales.","og_url":"https:\/\/lpfparana.com.ar\/inicio\/el-torneo-oficial-2026-llego-a-su-fin-y-atletico-neuquen-se-consagro-campeon\/","article_published_time":"2026-08-31T13:26:51+00:00","article_modified_time":"2026-08-31T13:26:53+00:00","og_image":[{"width":1120,"height":975,"url":"http:\/\/lpfparana.com.ar\/inicio\/wp-content\/uploads\/2026\/08\/WA_1788182777181.jpeg","type":"image\/jpeg"}],"author":"Uriel Vazquez","twitter_card":"summary_large_image","twitter_misc":{"Escrito por":"Uriel Vazquez","Tiempo de lectura":"2 minutos"},"schema":{"@context":"https:\/\/schema.org","@graph":[{"@type":"Article","@id":"https:\/\/lpfparana.com.ar\/inicio\/el-torneo-oficial-2026-llego-a-su-fin-y-atletico-neuquen-se-consagro-campeon\/#article","isPartOf":{"@id":"https:\/\/lpfparana.com.ar\/inicio\/el-torneo-oficial-2026-llego-a-su-fin-y-atletico-neuquen-se-consagro-campeon\/"},"author":{"name":"Uriel Vazquez","@id":"http:\/\/lpfparana.com.ar\/inicio\/#\/schema\/person\/07e09b1ab407955db225d5798fbe3c29"},"headline":"El Torneo Oficial 2026 lleg\u00f3 a su fin y Atl\u00e9tico Neuqu\u00e9n se consagr\u00f3 campe\u00f3n","datePublished":"2026-08-31T13:26:51+00:00","dateModified":"2026-08-31T13:26:53+00:00","mainEntityOfPage":{"@id":"https:\/\/lpfparana.com.ar\/inicio\/el-torneo-oficial-2026-llego-a-su-fin-y-atletico-neuquen-se-consagro-campeon\/"},"wordCount":284,"commentCount":0,"image":{"@id":"https:\/\/lpfparana.com.ar\/inicio\/el-torneo-oficial-2026-llego-a-su-fin-y-atletico-neuquen-se-consagro-campeon\/#primaryimage"},"thumbnailUrl":"http:\/\/lpfparana.com.ar\/inicio\/wp-content\/uploads\/2026\/08\/WA_1788182777181.jpeg","keywords":["Liga Paranaense de F\u00fatbol","Locos por la Liga"],"articleSection":["Masculino","Noticias","Primera Divisi\u00f3n"],"inLanguage":"es","potentialAction":[{"@type":"CommentAction","name":"Comment","target":["https:\/\/lpfparana.com.ar\/inicio\/el-torneo-oficial-2026-llego-a-su-fin-y-atletico-neuquen-se-consagro-campeon\/#respond"]}]},{"@type":"WebPage","@id":"https:\/\/lpfparana.com.ar\/inicio\/el-torneo-oficial-2026-llego-a-su-fin-y-atletico-neuquen-se-consagro-campeon\/","url":"https:\/\/lpfparana.com.ar\/inicio\/el-torneo-oficial-2026-llego-a-su-fin-y-atletico-neuquen-se-consagro-campeon\/","name":"El Torneo Oficial 2026 lleg\u00f3 a su fin y Atl\u00e9tico Neuqu\u00e9n se consagr\u00f3 campe\u00f3n -","isPartOf":{"@id":"http:\/\/lpfparana.com.ar\/inicio\/#website"},"primaryImageOfPage":{"@id":"https:\/\/lpfparana.com.ar\/inicio\/el-torneo-oficial-2026-llego-a-su-fin-y-atletico-neuquen-se-consagro-campeon\/#primaryimage"},"image":{"@id":"https:\/\/lpfparana.com.ar\/inicio\/el-torneo-oficial-2026-llego-a-su-fin-y-atletico-neuquen-se-consagro-campeon\/#primaryimage"},"thumbnailUrl":"http:\/\/lpfparana.com.ar\/inicio\/wp-content\/uploads\/2026\/08\/WA_1788182777181.jpeg","datePublished":"2026-08-31T13:26:51+00:00","dateModified":"2026-08-31T13:26:53+00:00","author":{"@id":"http:\/\/lpfparana.com.ar\/inicio\/#\/schema\/person\/07e09b1ab407955db225d5798fbe3c29"},"description":"El certamen de Primera Divisi\u00f3n de la Liga Paranaense de F\u00fatbol ya tiene a su campe\u00f3n. Atl\u00e9tico Neuqu\u00e9n Club se qued\u00f3 con el t\u00edtulo y, mientras se completan los \u00faltimos partidos pendientes, el Torneo Oficial 2026 transita sus cap\u00edtulos finales.","breadcrumb":{"@id":"https:\/\/lpfparana.com.ar\/inicio\/el-torneo-oficial-2026-llego-a-su-fin-y-atletico-neuquen-se-consagro-campeon\/#breadcrumb"},"inLanguage":"es","potentialAction":[{"@type":"ReadAction","target":["https:\/\/lpfparana.com.ar\/inicio\/el-torneo-oficial-2026-llego-a-su-fin-y-atletico-neuquen-se-consagro-campeon\/"]}]},{"@type":"ImageObject","inLanguage":"es","@id":"https:\/\/lpfparana.com.ar\/inicio\/el-torneo-oficial-2026-llego-a-su-fin-y-atletico-neuquen-se-consagro-campeon\/#primaryimage","url":"http:\/\/lpfparana.com.ar\/inicio\/wp-content\/uploads\/2026\/08\/WA_1788182777181.jpeg","contentUrl":"http:\/\/lpfparana.com.ar\/inicio\/wp-content\/uploads\/2026\/08\/WA_1788182777181.jpeg","width":1120,"height":975},{"@type":"BreadcrumbList","@id":"https:\/\/lpfparana.com.ar\/inicio\/el-torneo-oficial-2026-llego-a-su-fin-y-atletico-neuquen-se-consagro-campeon\/#breadcrumb","itemListElement":[{"@type":"ListItem","position":1,"name":"Portada","item":"http:\/\/lpfparana.com.ar\/inicio\/"},{"@type":"ListItem","position":2,"name":"El Torneo Oficial 2026 lleg\u00f3 a su fin y Atl\u00e9tico Neuqu\u00e9n se consagr\u00f3 campe\u00f3n"}]},{"@type":"WebSite","@id":"http:\/\/lpfparana.com.ar\/inicio\/#website","url":"http:\/\/lpfparana.com.ar\/inicio\/","name":"","description":"LPF Paran\u00e1","potentialAction":[{"@type":"SearchAction","target":{"@type":"EntryPoint","urlTemplate":"http:\/\/lpfparana.com.ar\/inicio\/?s={search_term_string}"},"query-input":{"@type":"PropertyValueSpecification","valueRequired":true,"valueName":"search_term_string"}}],"inLanguage":"es"},{"@type":"Person","@id":"http:\/\/lpfparana.com.ar\/inicio\/#\/schema\/person\/07e09b1ab407955db225d5798fbe3c29","name":"Uriel Vazquez","image":{"@type":"ImageObject","inLanguage":"es","@id":"https:\/\/secure.gravatar.com\/avatar\/6f6434a31569ea3eb181dc2d6f625ccfa8d5d0cd27b2fe7eab38888e37d146f6?s=96&d=mm&r=g","url":"https:\/\/secure.gravatar.com\/avatar\/6f6434a31569ea3eb181dc2d6f625ccfa8d5d0cd27b2fe7eab38888e37d146f6?s=96&d=mm&r=g","contentUrl":"https:\/\/secure.gravatar.com\/avatar\/6f6434a31569ea3eb181dc2d6f625ccfa8d5d0cd27b2fe7eab38888e37d146f6?s=96&d=mm&r=g","caption":"Uriel Vazquez"},"url":"http:\/\/lpfparana.com.ar\/inicio\/author\/uriel\/"}]}},"_links":{"self":[{"href":"http:\/\/lpfparana.com.ar\/inicio\/wp-json\/wp\/v2\/posts\/10714","targetHints":{"allow":["GET"]}}],"collection":[{"href":"http:\/\/lpfparana.com.ar\/inicio\/wp-json\/wp\/v2\/posts"}],"about":[{"href":"http:\/\/lpfparana.com.ar\/inicio\/wp-json\/wp\/v2\/types\/post"}],"author":[{"embeddable":true,"href":"http:\/\/lpfparana.com.ar\/inicio\/wp-json\/wp\/v2\/users\/8"}],"replies":[{"embeddable":true,"href":"http:\/\/lpfparana.com.ar\/inicio\/wp-json\/wp\/v2\/comments?post=10714"}],"version-history":[{"count":1,"href":"http:\/\/lpfparana.com.ar\/inicio\/wp-json\/wp\/v2\/posts\/10714\/revisions"}],"predecessor-version":[{"id":10719,"href":"http:\/\/lpfparana.com.ar\/inicio\/wp-json\/wp\/v2\/posts\/10714\/revisions\/10719"}],"wp:featuredmedia":[{"embeddable":true,"href":"http:\/\/lpfparana.com.ar\/inicio\/wp-json\/wp\/v2\/media\/10718"}],"wp:attachment":[{"href":"http:\/\/lpfparana.com.ar\/inicio\/wp-json\/wp\/v2\/media?parent=10714"}],"wp:term":[{"taxonomy":"category","embeddable":true,"href":"http:\/\/lpfparana.com.ar\/inicio\/wp-json\/wp\/v2\/categories?post=10714"},{"taxonomy":"post_tag","embeddable":true,"href":"http:\/\/lpfparana.com.ar\/inicio\/wp-json\/wp\/v2\/tags?post=10714"}],"curies":[{"name":"wp","href":"https:\/\/api.w.org\/{rel}","templated":true}]}}