{"id":10703,"date":"2026-08-31T10:08:46","date_gmt":"2026-08-31T13:08:46","guid":{"rendered":"https:\/\/lpfparana.com.ar\/inicio\/?p=10703"},"modified":"2026-08-31T10:08:51","modified_gmt":"2026-08-31T13:08:51","slug":"comenzo-el-torneo-regional-federal-amateur-para-los-equipos-de-la-lpf","status":"publish","type":"post","link":"http:\/\/lpfparana.com.ar\/inicio\/comenzo-el-torneo-regional-federal-amateur-para-los-equipos-de-la-lpf\/","title":{"rendered":"Comenz\u00f3 el Torneo Regional Federal Amateur para los equipos de la LPF"},"content":{"rendered":"\n<h3 id=\"h-atletico-parana-y-atletico-neuquen-igualaron-en-el-pedro-mutio-mientras-que-don-bosco-se-impuso-ante-belgrano-en-el-carlos-federik-en-el-inicio-de-la-zona-5-de-la-region-litoral-sur\" class=\"wp-block-heading\"><strong>Atl\u00e9tico Paran\u00e1 y Atl\u00e9tico Neuqu\u00e9n igualaron en el Pedro Mutio, mientras que Don Bosco se impuso ante Belgrano en el Carlos Federik, en el inicio de la Zona 5 de la Regi\u00f3n Litoral Sur.<\/strong><\/h3>\n\n\n\n<p class=\"wp-block-paragraph\">El f\u00fatbol de la <strong>Liga Paranaense de F\u00fatbol<\/strong> volvi\u00f3 a tener protagonismo a nivel regional. Este fin de semana comenz\u00f3 oficialmente el <strong>Torneo Regional Federal Amateur 2026\/27<\/strong>, competencia organizada por el Consejo Federal del F\u00fatbol Argentino, con la participaci\u00f3n de cuatro representantes de la LPF que integran la <strong>Zona 5 de la Regi\u00f3n Litoral Sur<\/strong>.<\/p>\n\n\n\n<p class=\"wp-block-paragraph\">En el estadio <strong>Pedro Mutio<\/strong>, <strong>Atl\u00e9tico Paran\u00e1 y Atl\u00e9tico Neuqu\u00e9n Club<\/strong> protagonizaron un atractivo encuentro que termin\u00f3 en empate 1-1. Para el Decano marc\u00f3 <strong>Leandro Ilari<\/strong>, mientras que para el conjunto del sur paranaense convirti\u00f3 <strong>M\u00e1ximo Johnston<\/strong>, dejando el marcador igualado en el debut de ambos equipos.<\/p>\n\n\n\n<p class=\"wp-block-paragraph\">Por su parte, en el estadio <strong>Carlos Federik<\/strong>, <strong>Don Bosco<\/strong> comenz\u00f3 su participaci\u00f3n con una importante victoria por 1-0 frente a <strong>Belgrano<\/strong>. El \u00fanico tanto del encuentro fue convertido por <strong>\u00c1ngel L\u00f3pez<\/strong>, d\u00e1ndole al Salesiano tres puntos valiosos en el inicio de la competencia.<\/p>\n\n\n\n<h3 id=\"h-tabla-de-posiciones-zona-5\" class=\"wp-block-heading\">&#x1f4ca; <strong>Tabla de posiciones | Zona 5<\/strong><\/h3>\n\n\n\n<figure class=\"wp-block-table\"><table class=\"has-fixed-layout\"><thead><tr><th>Pos.<\/th><th>Equipo<\/th><th>PJ<\/th><th>PG<\/th><th>PE<\/th><th>PP<\/th><th>GF<\/th><th>GC<\/th><th>DG<\/th><th>Pts.<\/th><\/tr><\/thead><tbody><tr><td>&#x1f947; 1<\/td><td><strong>Don Bosco<\/strong><\/td><td>1<\/td><td>1<\/td><td>0<\/td><td>0<\/td><td>1<\/td><td>0<\/td><td>+1<\/td><td><strong>3<\/strong><\/td><\/tr><tr><td>2<\/td><td><strong>Atl\u00e9tico Paran\u00e1<\/strong><\/td><td>1<\/td><td>0<\/td><td>1<\/td><td>0<\/td><td>1<\/td><td>1<\/td><td>0<\/td><td><strong>1<\/strong><\/td><\/tr><tr><td>3<\/td><td><strong>Atl\u00e9tico Neuqu\u00e9n Club<\/strong><\/td><td>1<\/td><td>0<\/td><td>1<\/td><td>0<\/td><td>1<\/td><td>1<\/td><td>0<\/td><td><strong>1<\/strong><\/td><\/tr><tr><td>4<\/td><td><strong>Belgrano<\/strong><\/td><td>1<\/td><td>0<\/td><td>0<\/td><td>1<\/td><td>0<\/td><td>1<\/td><td>-1<\/td><td><strong>0<\/strong><\/td><\/tr><\/tbody><\/table><\/figure>\n\n\n\n<p class=\"wp-block-paragraph\">De esta manera, <strong>Don Bosco<\/strong> se ubica como \u00fanico l\u00edder de la Zona 5 tras la primera jornada, mientras que <strong>Atl\u00e9tico Paran\u00e1 y Atl\u00e9tico Neuqu\u00e9n<\/strong> suman un punto cada uno y <strong>Belgrano<\/strong> buscar\u00e1 recuperarse en la pr\u00f3xima fecha.<\/p>\n\n\n\n<p class=\"wp-block-paragraph\">El Torneo Regional Federal Amateur reci\u00e9n comienza y los cuatro representantes de la <strong>Liga Paranaense de F\u00fatbol<\/strong> ya pusieron primera en el camino hacia la clasificaci\u00f3n. La competencia continuar\u00e1 con nuevas jornadas que prometen mantener la paridad y la emoci\u00f3n hasta el final.<\/p>\n\n\n\n<p class=\"wp-block-paragraph\"><\/p>\n","protected":false},"excerpt":{"rendered":"<p>Atl\u00e9tico Paran\u00e1 y Atl\u00e9tico Neuqu\u00e9n igualaron en el Pedro Mutio, mientras que Don Bosco se impuso ante Belgrano en el Carlos Federik, en el inicio de la Zona 5 de la Regi\u00f3n Litoral Sur. El f\u00fatbol de la Liga Paranaense de F\u00fatbol volvi\u00f3 a tener protagonismo a nivel regional. Este fin de semana comenz\u00f3 oficialmente&#8230;<\/p>\n","protected":false},"author":8,"featured_media":10708,"comment_status":"open","ping_status":"open","sticky":false,"template":"","format":"standard","meta":{"footnotes":""},"categories":[8,2,3,296],"tags":[289,327,74,338,293],"class_list":["post-10703","post","type-post","status-publish","format-standard","has-post-thumbnail","hentry","category-masculino","category-noticias","category-primera-division","category-torneo-regional-federal-amateur","tag-atletico-neuquen-club","tag-atletico-parana","tag-belgrano","tag-club-don-bosco","tag-liga-paranaense-de-futbol"],"featured_image_src":"http:\/\/lpfparana.com.ar\/inicio\/wp-content\/uploads\/2026\/08\/IMG-20260831-WA0005.jpg","author_info":{"display_name":"Uriel Vazquez","author_link":"http:\/\/lpfparana.com.ar\/inicio\/author\/uriel\/"},"yoast_head":"<!-- This site is optimized with the Yoast SEO Premium plugin v27.8 (Yoast SEO v28.3) - https:\/\/yoast.com\/product\/yoast-seo-premium-wordpress\/ -->\n<title>Comenz\u00f3 el Torneo Regional Federal Amateur para los equipos de la LPF -<\/title>\n<meta name=\"description\" content=\"Atl\u00e9tico Paran\u00e1 y Atl\u00e9tico Neuqu\u00e9n igualaron en el Pedro Mutio, mientras que Don Bosco se impuso ante Belgrano en el Carlos Federik, en el inicio de la Zona 5 de la Regi\u00f3n Litoral Sur.\" \/>\n<meta name=\"robots\" content=\"index, follow, max-snippet:-1, max-image-preview:large, max-video-preview:-1\" \/>\n<link rel=\"canonical\" href=\"https:\/\/lpfparana.com.ar\/inicio\/comenzo-el-torneo-regional-federal-amateur-para-los-equipos-de-la-lpf\/\" \/>\n<meta property=\"og:locale\" content=\"es_ES\" \/>\n<meta property=\"og:type\" content=\"article\" \/>\n<meta property=\"og:title\" content=\"Comenz\u00f3 el Torneo Regional Federal Amateur para los equipos de la LPF\" \/>\n<meta property=\"og:description\" content=\"Atl\u00e9tico Paran\u00e1 y Atl\u00e9tico Neuqu\u00e9n igualaron en el Pedro Mutio, mientras que Don Bosco se impuso ante Belgrano en el Carlos Federik, en el inicio de la Zona 5 de la Regi\u00f3n Litoral Sur.\" \/>\n<meta property=\"og:url\" content=\"https:\/\/lpfparana.com.ar\/inicio\/comenzo-el-torneo-regional-federal-amateur-para-los-equipos-de-la-lpf\/\" \/>\n<meta property=\"article:published_time\" content=\"2026-08-31T13:08:46+00:00\" \/>\n<meta property=\"article:modified_time\" content=\"2026-08-31T13:08:51+00:00\" \/>\n<meta property=\"og:image\" content=\"http:\/\/lpfparana.com.ar\/inicio\/wp-content\/uploads\/2026\/08\/IMG-20260831-WA0005.jpg\" \/>\n\t<meta property=\"og:image:width\" content=\"1600\" \/>\n\t<meta property=\"og:image:height\" content=\"1059\" \/>\n\t<meta property=\"og:image:type\" content=\"image\/jpeg\" \/>\n<meta name=\"author\" content=\"Uriel Vazquez\" \/>\n<meta name=\"twitter:card\" content=\"summary_large_image\" \/>\n<meta name=\"twitter:label1\" content=\"Escrito por\" \/>\n\t<meta name=\"twitter:data1\" content=\"Uriel Vazquez\" \/>\n\t<meta name=\"twitter:label2\" content=\"Tiempo de lectura\" \/>\n\t<meta name=\"twitter:data2\" content=\"2 minutos\" \/>\n<script type=\"application\/ld+json\" class=\"yoast-schema-graph\">{\"@context\":\"https:\\\/\\\/schema.org\",\"@graph\":[{\"@type\":\"Article\",\"@id\":\"https:\\\/\\\/lpfparana.com.ar\\\/inicio\\\/comenzo-el-torneo-regional-federal-amateur-para-los-equipos-de-la-lpf\\\/#article\",\"isPartOf\":{\"@id\":\"https:\\\/\\\/lpfparana.com.ar\\\/inicio\\\/comenzo-el-torneo-regional-federal-amateur-para-los-equipos-de-la-lpf\\\/\"},\"author\":{\"name\":\"Uriel Vazquez\",\"@id\":\"http:\\\/\\\/lpfparana.com.ar\\\/inicio\\\/#\\\/schema\\\/person\\\/07e09b1ab407955db225d5798fbe3c29\"},\"headline\":\"Comenz\u00f3 el Torneo Regional Federal Amateur para los equipos de la LPF\",\"datePublished\":\"2026-08-31T13:08:46+00:00\",\"dateModified\":\"2026-08-31T13:08:51+00:00\",\"mainEntityOfPage\":{\"@id\":\"https:\\\/\\\/lpfparana.com.ar\\\/inicio\\\/comenzo-el-torneo-regional-federal-amateur-para-los-equipos-de-la-lpf\\\/\"},\"wordCount\":325,\"commentCount\":0,\"image\":{\"@id\":\"https:\\\/\\\/lpfparana.com.ar\\\/inicio\\\/comenzo-el-torneo-regional-federal-amateur-para-los-equipos-de-la-lpf\\\/#primaryimage\"},\"thumbnailUrl\":\"http:\\\/\\\/lpfparana.com.ar\\\/inicio\\\/wp-content\\\/uploads\\\/2026\\\/08\\\/IMG-20260831-WA0005.jpg\",\"keywords\":[\"Atl\u00e9tico Neuquen Club\",\"Atl\u00e9tico Paran\u00e1\",\"Belgrano\",\"Club Don Bosco\",\"Liga Paranaense de F\u00fatbol\"],\"articleSection\":[\"Masculino\",\"Noticias\",\"Primera Divisi\u00f3n\",\"Torneo Regional Federal Amateur\"],\"inLanguage\":\"es\",\"potentialAction\":[{\"@type\":\"CommentAction\",\"name\":\"Comment\",\"target\":[\"https:\\\/\\\/lpfparana.com.ar\\\/inicio\\\/comenzo-el-torneo-regional-federal-amateur-para-los-equipos-de-la-lpf\\\/#respond\"]}]},{\"@type\":\"WebPage\",\"@id\":\"https:\\\/\\\/lpfparana.com.ar\\\/inicio\\\/comenzo-el-torneo-regional-federal-amateur-para-los-equipos-de-la-lpf\\\/\",\"url\":\"https:\\\/\\\/lpfparana.com.ar\\\/inicio\\\/comenzo-el-torneo-regional-federal-amateur-para-los-equipos-de-la-lpf\\\/\",\"name\":\"Comenz\u00f3 el Torneo Regional Federal Amateur para los equipos de la LPF -\",\"isPartOf\":{\"@id\":\"http:\\\/\\\/lpfparana.com.ar\\\/inicio\\\/#website\"},\"primaryImageOfPage\":{\"@id\":\"https:\\\/\\\/lpfparana.com.ar\\\/inicio\\\/comenzo-el-torneo-regional-federal-amateur-para-los-equipos-de-la-lpf\\\/#primaryimage\"},\"image\":{\"@id\":\"https:\\\/\\\/lpfparana.com.ar\\\/inicio\\\/comenzo-el-torneo-regional-federal-amateur-para-los-equipos-de-la-lpf\\\/#primaryimage\"},\"thumbnailUrl\":\"http:\\\/\\\/lpfparana.com.ar\\\/inicio\\\/wp-content\\\/uploads\\\/2026\\\/08\\\/IMG-20260831-WA0005.jpg\",\"datePublished\":\"2026-08-31T13:08:46+00:00\",\"dateModified\":\"2026-08-31T13:08:51+00:00\",\"author\":{\"@id\":\"http:\\\/\\\/lpfparana.com.ar\\\/inicio\\\/#\\\/schema\\\/person\\\/07e09b1ab407955db225d5798fbe3c29\"},\"description\":\"Atl\u00e9tico Paran\u00e1 y Atl\u00e9tico Neuqu\u00e9n igualaron en el Pedro Mutio, mientras que Don Bosco se impuso ante Belgrano en el Carlos Federik, en el inicio de la Zona 5 de la Regi\u00f3n Litoral Sur.\",\"breadcrumb\":{\"@id\":\"https:\\\/\\\/lpfparana.com.ar\\\/inicio\\\/comenzo-el-torneo-regional-federal-amateur-para-los-equipos-de-la-lpf\\\/#breadcrumb\"},\"inLanguage\":\"es\",\"potentialAction\":[{\"@type\":\"ReadAction\",\"target\":[\"https:\\\/\\\/lpfparana.com.ar\\\/inicio\\\/comenzo-el-torneo-regional-federal-amateur-para-los-equipos-de-la-lpf\\\/\"]}]},{\"@type\":\"ImageObject\",\"inLanguage\":\"es\",\"@id\":\"https:\\\/\\\/lpfparana.com.ar\\\/inicio\\\/comenzo-el-torneo-regional-federal-amateur-para-los-equipos-de-la-lpf\\\/#primaryimage\",\"url\":\"http:\\\/\\\/lpfparana.com.ar\\\/inicio\\\/wp-content\\\/uploads\\\/2026\\\/08\\\/IMG-20260831-WA0005.jpg\",\"contentUrl\":\"http:\\\/\\\/lpfparana.com.ar\\\/inicio\\\/wp-content\\\/uploads\\\/2026\\\/08\\\/IMG-20260831-WA0005.jpg\",\"width\":1600,\"height\":1059},{\"@type\":\"BreadcrumbList\",\"@id\":\"https:\\\/\\\/lpfparana.com.ar\\\/inicio\\\/comenzo-el-torneo-regional-federal-amateur-para-los-equipos-de-la-lpf\\\/#breadcrumb\",\"itemListElement\":[{\"@type\":\"ListItem\",\"position\":1,\"name\":\"Portada\",\"item\":\"http:\\\/\\\/lpfparana.com.ar\\\/inicio\\\/\"},{\"@type\":\"ListItem\",\"position\":2,\"name\":\"Comenz\u00f3 el Torneo Regional Federal Amateur para los equipos de la LPF\"}]},{\"@type\":\"WebSite\",\"@id\":\"http:\\\/\\\/lpfparana.com.ar\\\/inicio\\\/#website\",\"url\":\"http:\\\/\\\/lpfparana.com.ar\\\/inicio\\\/\",\"name\":\"\",\"description\":\"LPF Paran\u00e1\",\"potentialAction\":[{\"@type\":\"SearchAction\",\"target\":{\"@type\":\"EntryPoint\",\"urlTemplate\":\"http:\\\/\\\/lpfparana.com.ar\\\/inicio\\\/?s={search_term_string}\"},\"query-input\":{\"@type\":\"PropertyValueSpecification\",\"valueRequired\":true,\"valueName\":\"search_term_string\"}}],\"inLanguage\":\"es\"},{\"@type\":\"Person\",\"@id\":\"http:\\\/\\\/lpfparana.com.ar\\\/inicio\\\/#\\\/schema\\\/person\\\/07e09b1ab407955db225d5798fbe3c29\",\"name\":\"Uriel Vazquez\",\"image\":{\"@type\":\"ImageObject\",\"inLanguage\":\"es\",\"@id\":\"https:\\\/\\\/secure.gravatar.com\\\/avatar\\\/6f6434a31569ea3eb181dc2d6f625ccfa8d5d0cd27b2fe7eab38888e37d146f6?s=96&d=mm&r=g\",\"url\":\"https:\\\/\\\/secure.gravatar.com\\\/avatar\\\/6f6434a31569ea3eb181dc2d6f625ccfa8d5d0cd27b2fe7eab38888e37d146f6?s=96&d=mm&r=g\",\"contentUrl\":\"https:\\\/\\\/secure.gravatar.com\\\/avatar\\\/6f6434a31569ea3eb181dc2d6f625ccfa8d5d0cd27b2fe7eab38888e37d146f6?s=96&d=mm&r=g\",\"caption\":\"Uriel Vazquez\"},\"url\":\"http:\\\/\\\/lpfparana.com.ar\\\/inicio\\\/author\\\/uriel\\\/\"}]}<\/script>\n<!-- \/ Yoast SEO Premium plugin. -->","yoast_head_json":{"title":"Comenz\u00f3 el Torneo Regional Federal Amateur para los equipos de la LPF -","description":"Atl\u00e9tico Paran\u00e1 y Atl\u00e9tico Neuqu\u00e9n igualaron en el Pedro Mutio, mientras que Don Bosco se impuso ante Belgrano en el Carlos Federik, en el inicio de la Zona 5 de la Regi\u00f3n Litoral Sur.","robots":{"index":"index","follow":"follow","max-snippet":"max-snippet:-1","max-image-preview":"max-image-preview:large","max-video-preview":"max-video-preview:-1"},"canonical":"https:\/\/lpfparana.com.ar\/inicio\/comenzo-el-torneo-regional-federal-amateur-para-los-equipos-de-la-lpf\/","og_locale":"es_ES","og_type":"article","og_title":"Comenz\u00f3 el Torneo Regional Federal Amateur para los equipos de la LPF","og_description":"Atl\u00e9tico Paran\u00e1 y Atl\u00e9tico Neuqu\u00e9n igualaron en el Pedro Mutio, mientras que Don Bosco se impuso ante Belgrano en el Carlos Federik, en el inicio de la Zona 5 de la Regi\u00f3n Litoral Sur.","og_url":"https:\/\/lpfparana.com.ar\/inicio\/comenzo-el-torneo-regional-federal-amateur-para-los-equipos-de-la-lpf\/","article_published_time":"2026-08-31T13:08:46+00:00","article_modified_time":"2026-08-31T13:08:51+00:00","og_image":[{"width":1600,"height":1059,"url":"http:\/\/lpfparana.com.ar\/inicio\/wp-content\/uploads\/2026\/08\/IMG-20260831-WA0005.jpg","type":"image\/jpeg"}],"author":"Uriel Vazquez","twitter_card":"summary_large_image","twitter_misc":{"Escrito por":"Uriel Vazquez","Tiempo de lectura":"2 minutos"},"schema":{"@context":"https:\/\/schema.org","@graph":[{"@type":"Article","@id":"https:\/\/lpfparana.com.ar\/inicio\/comenzo-el-torneo-regional-federal-amateur-para-los-equipos-de-la-lpf\/#article","isPartOf":{"@id":"https:\/\/lpfparana.com.ar\/inicio\/comenzo-el-torneo-regional-federal-amateur-para-los-equipos-de-la-lpf\/"},"author":{"name":"Uriel Vazquez","@id":"http:\/\/lpfparana.com.ar\/inicio\/#\/schema\/person\/07e09b1ab407955db225d5798fbe3c29"},"headline":"Comenz\u00f3 el Torneo Regional Federal Amateur para los equipos de la LPF","datePublished":"2026-08-31T13:08:46+00:00","dateModified":"2026-08-31T13:08:51+00:00","mainEntityOfPage":{"@id":"https:\/\/lpfparana.com.ar\/inicio\/comenzo-el-torneo-regional-federal-amateur-para-los-equipos-de-la-lpf\/"},"wordCount":325,"commentCount":0,"image":{"@id":"https:\/\/lpfparana.com.ar\/inicio\/comenzo-el-torneo-regional-federal-amateur-para-los-equipos-de-la-lpf\/#primaryimage"},"thumbnailUrl":"http:\/\/lpfparana.com.ar\/inicio\/wp-content\/uploads\/2026\/08\/IMG-20260831-WA0005.jpg","keywords":["Atl\u00e9tico Neuquen Club","Atl\u00e9tico Paran\u00e1","Belgrano","Club Don Bosco","Liga Paranaense de F\u00fatbol"],"articleSection":["Masculino","Noticias","Primera Divisi\u00f3n","Torneo Regional Federal Amateur"],"inLanguage":"es","potentialAction":[{"@type":"CommentAction","name":"Comment","target":["https:\/\/lpfparana.com.ar\/inicio\/comenzo-el-torneo-regional-federal-amateur-para-los-equipos-de-la-lpf\/#respond"]}]},{"@type":"WebPage","@id":"https:\/\/lpfparana.com.ar\/inicio\/comenzo-el-torneo-regional-federal-amateur-para-los-equipos-de-la-lpf\/","url":"https:\/\/lpfparana.com.ar\/inicio\/comenzo-el-torneo-regional-federal-amateur-para-los-equipos-de-la-lpf\/","name":"Comenz\u00f3 el Torneo Regional Federal Amateur para los equipos de la LPF -","isPartOf":{"@id":"http:\/\/lpfparana.com.ar\/inicio\/#website"},"primaryImageOfPage":{"@id":"https:\/\/lpfparana.com.ar\/inicio\/comenzo-el-torneo-regional-federal-amateur-para-los-equipos-de-la-lpf\/#primaryimage"},"image":{"@id":"https:\/\/lpfparana.com.ar\/inicio\/comenzo-el-torneo-regional-federal-amateur-para-los-equipos-de-la-lpf\/#primaryimage"},"thumbnailUrl":"http:\/\/lpfparana.com.ar\/inicio\/wp-content\/uploads\/2026\/08\/IMG-20260831-WA0005.jpg","datePublished":"2026-08-31T13:08:46+00:00","dateModified":"2026-08-31T13:08:51+00:00","author":{"@id":"http:\/\/lpfparana.com.ar\/inicio\/#\/schema\/person\/07e09b1ab407955db225d5798fbe3c29"},"description":"Atl\u00e9tico Paran\u00e1 y Atl\u00e9tico Neuqu\u00e9n igualaron en el Pedro Mutio, mientras que Don Bosco se impuso ante Belgrano en el Carlos Federik, en el inicio de la Zona 5 de la Regi\u00f3n Litoral Sur.","breadcrumb":{"@id":"https:\/\/lpfparana.com.ar\/inicio\/comenzo-el-torneo-regional-federal-amateur-para-los-equipos-de-la-lpf\/#breadcrumb"},"inLanguage":"es","potentialAction":[{"@type":"ReadAction","target":["https:\/\/lpfparana.com.ar\/inicio\/comenzo-el-torneo-regional-federal-amateur-para-los-equipos-de-la-lpf\/"]}]},{"@type":"ImageObject","inLanguage":"es","@id":"https:\/\/lpfparana.com.ar\/inicio\/comenzo-el-torneo-regional-federal-amateur-para-los-equipos-de-la-lpf\/#primaryimage","url":"http:\/\/lpfparana.com.ar\/inicio\/wp-content\/uploads\/2026\/08\/IMG-20260831-WA0005.jpg","contentUrl":"http:\/\/lpfparana.com.ar\/inicio\/wp-content\/uploads\/2026\/08\/IMG-20260831-WA0005.jpg","width":1600,"height":1059},{"@type":"BreadcrumbList","@id":"https:\/\/lpfparana.com.ar\/inicio\/comenzo-el-torneo-regional-federal-amateur-para-los-equipos-de-la-lpf\/#breadcrumb","itemListElement":[{"@type":"ListItem","position":1,"name":"Portada","item":"http:\/\/lpfparana.com.ar\/inicio\/"},{"@type":"ListItem","position":2,"name":"Comenz\u00f3 el Torneo Regional Federal Amateur para los equipos de la LPF"}]},{"@type":"WebSite","@id":"http:\/\/lpfparana.com.ar\/inicio\/#website","url":"http:\/\/lpfparana.com.ar\/inicio\/","name":"","description":"LPF Paran\u00e1","potentialAction":[{"@type":"SearchAction","target":{"@type":"EntryPoint","urlTemplate":"http:\/\/lpfparana.com.ar\/inicio\/?s={search_term_string}"},"query-input":{"@type":"PropertyValueSpecification","valueRequired":true,"valueName":"search_term_string"}}],"inLanguage":"es"},{"@type":"Person","@id":"http:\/\/lpfparana.com.ar\/inicio\/#\/schema\/person\/07e09b1ab407955db225d5798fbe3c29","name":"Uriel Vazquez","image":{"@type":"ImageObject","inLanguage":"es","@id":"https:\/\/secure.gravatar.com\/avatar\/6f6434a31569ea3eb181dc2d6f625ccfa8d5d0cd27b2fe7eab38888e37d146f6?s=96&d=mm&r=g","url":"https:\/\/secure.gravatar.com\/avatar\/6f6434a31569ea3eb181dc2d6f625ccfa8d5d0cd27b2fe7eab38888e37d146f6?s=96&d=mm&r=g","contentUrl":"https:\/\/secure.gravatar.com\/avatar\/6f6434a31569ea3eb181dc2d6f625ccfa8d5d0cd27b2fe7eab38888e37d146f6?s=96&d=mm&r=g","caption":"Uriel Vazquez"},"url":"http:\/\/lpfparana.com.ar\/inicio\/author\/uriel\/"}]}},"_links":{"self":[{"href":"http:\/\/lpfparana.com.ar\/inicio\/wp-json\/wp\/v2\/posts\/10703","targetHints":{"allow":["GET"]}}],"collection":[{"href":"http:\/\/lpfparana.com.ar\/inicio\/wp-json\/wp\/v2\/posts"}],"about":[{"href":"http:\/\/lpfparana.com.ar\/inicio\/wp-json\/wp\/v2\/types\/post"}],"author":[{"embeddable":true,"href":"http:\/\/lpfparana.com.ar\/inicio\/wp-json\/wp\/v2\/users\/8"}],"replies":[{"embeddable":true,"href":"http:\/\/lpfparana.com.ar\/inicio\/wp-json\/wp\/v2\/comments?post=10703"}],"version-history":[{"count":1,"href":"http:\/\/lpfparana.com.ar\/inicio\/wp-json\/wp\/v2\/posts\/10703\/revisions"}],"predecessor-version":[{"id":10709,"href":"http:\/\/lpfparana.com.ar\/inicio\/wp-json\/wp\/v2\/posts\/10703\/revisions\/10709"}],"wp:featuredmedia":[{"embeddable":true,"href":"http:\/\/lpfparana.com.ar\/inicio\/wp-json\/wp\/v2\/media\/10708"}],"wp:attachment":[{"href":"http:\/\/lpfparana.com.ar\/inicio\/wp-json\/wp\/v2\/media?parent=10703"}],"wp:term":[{"taxonomy":"category","embeddable":true,"href":"http:\/\/lpfparana.com.ar\/inicio\/wp-json\/wp\/v2\/categories?post=10703"},{"taxonomy":"post_tag","embeddable":true,"href":"http:\/\/lpfparana.com.ar\/inicio\/wp-json\/wp\/v2\/tags?post=10703"}],"curies":[{"name":"wp","href":"https:\/\/api.w.org\/{rel}","templated":true}]}}